{"id":3599,"date":"2022-02-04T16:30:55","date_gmt":"2022-02-04T15:30:55","guid":{"rendered":"https:\/\/monblogeur.tech\/index.php\/2022\/02\/04\/rca-lue-reprendra-la-formation-des-faca-si-elles-ne-sont-pas-employees-par-wagner-rfi\/"},"modified":"2022-02-04T16:30:55","modified_gmt":"2022-02-04T15:30:55","slug":"rca-lue-reprendra-la-formation-des-faca-si-elles-ne-sont-pas-employees-par-wagner-rfi","status":"publish","type":"post","link":"https:\/\/monblogeur.tech\/index.php\/2022\/02\/04\/rca-lue-reprendra-la-formation-des-faca-si-elles-ne-sont-pas-employees-par-wagner-rfi\/","title":{"rendered":"RCA: l&#039;UE reprendra la formation des Faca si elles ne sont pas \u00abemploy\u00e9es\u00bb par Wagner &#8211; RFI"},"content":{"rendered":"<div class=\"cfbc967f0983488262956e73eca9483a\" data-index=\"1\" style=\"float: none; margin:10px 0 10px 0; text-align:center;\">\n<script async src=\"https:\/\/pagead2.googlesyndication.com\/pagead\/js\/adsbygoogle.js?client=ca-pub-3859091246952232\" crossorigin=\"anonymous\"><\/script>\r\n<!-- blok -->\r\n<ins class=\"adsbygoogle\" data-ad-client=\"ca-pub-3859091246952232\" data-ad-slot=\"1334354390\"><\/ins>\r\n<script>\r\n     (adsbygoogle = window.adsbygoogle || []).push({});\r\n<\/script>\r\n\n<\/div>\n<p>Ajouter RFI \u00e0 votre \u00e9cran d&#039;accueil<br \/>\u00a9 2022 Copyright RFI &#8211; Tous droits r\u00e9serv\u00e9s. RFI n&#039;est pas responsable des contenus provenant de sites Internet externes. Fr\u00e9quentation certifi\u00e9e par l&#039;ACPM\/OJD.<br \/><span class=\"m-pub-dates__date\">Publi\u00e9 le : 04\/02\/2022 &#8211; 03:12<\/span><br \/>                     C&rsquo;est ce qu&rsquo;a annonc\u00e9 le vice-amiral Herv\u00e9 Bl\u00e9jean, directeur g\u00e9n\u00e9ral de l\u2019\u00e9tat-major de l\u2019Union europ\u00e9enne, en visite \u00e0 Bangui, jeudi 3 f\u00e9vrier. Depuis la mi-d\u00e9cembre, Bruxelles a d\u00e9cid\u00e9 de suspendre les formations dispens\u00e9es aux soldats centrafricains en raison\u00a0\u00ab<em>\u00a0du contr\u00f4le exerc\u00e9 par les mercenaires de la soci\u00e9t\u00e9 Wagner sur les forces arm\u00e9es\u00a0<\/em>\u00bb du pays.                <br \/><em>Avec notre correspondant \u00e0 Bangui,<\/em> <strong>Carol Valade<\/strong><br \/>L\u2019hymne europ\u00e9en retentit dans l\u2019enceinte du camp Moana. \u00c0\u00a0Bangui, la France passait hier jeudi le commandement de la mission de formation militaire europ\u00e9enne \u00e0 la Belgique.<br \/>La banni\u00e8re de l\u2019EU passe\u00a0symboliquement de main en main\u00a0comme tous les six\u00a0mois. Mais depuis la mi-d\u00e9cembre, les formations des soldats centrafricains sont suspendues.\u00a0<br \/>\u00ab <em>L\u2019UE ne peut plus se permettre d\u2019entra\u00eener des unit\u00e9s qui ensuite sont employ\u00e9es par Wagner, <\/em>a martel\u00e9 le\u00a0vice-amiral Herv\u00e9 Bl\u00e9jean, directeur g\u00e9n\u00e9ral de l\u2019\u00e9tat-major de l\u2019Union europ\u00e9enne.\u00a0<em>Les 2<\/em>\u00a0<em>500 mercenaires de Wagner qui sont pour certains Russes mais pas seulement, qui peuvent \u00eatre d\u2019autres nationalit\u00e9s, ne peuvent pas \u00eatre assimil\u00e9s \u00e0 des forces r\u00e9galiennes de la Russie. Ce sont des mercenaires c\u2019est aussi simple que \u00e7a. D\u2019ailleurs, je rappelle que le code p\u00e9nal\u00a0russe interdit l\u2019emploi et la cr\u00e9ation de soci\u00e9t\u00e9s militaires priv\u00e9es \u00e0 partir de mercenaires. Donc il y a une vraie ambigu\u00eft\u00e9.<\/em>\u00a0\u00bb<br \/>En RCA, <strong><a href=\"https:\/\/www.rfi.fr\/fr\/afrique\/20220110-mali-200-mercenaires-du-groupe-wagner-\u00e0-s\u00e9gou-dans-le-nord-est-du-pays\" target=\"_self\" rel=\"noopener\">comme au Mali<\/a><\/strong>, l\u2019influence grandissante de la Russie est source de tensions avec les pays occidentaux.\u00a0Les membres de cette soci\u00e9t\u00e9 militaire priv\u00e9e russe, pr\u00e9sente dans plusieurs pays d\u2019Afrique, sont accus\u00e9s de graves violations des droits de l\u2019homme, notamment par l\u2019ONU.<br \/>Les formations ne reprendront qu\u2019\u00e0 certaines conditions reprend le vice-amiral Bl\u00e9jean\u00a0: \u00ab\u00a0<em>La premi\u00e8re condition, c\u2019est d\u2019avoir la garantie que les unit\u00e9s que nous entra\u00eenons ne sont pas employ\u00e9es par Wagner mais sont employ\u00e9es dans le cadre r\u00e9galien de l\u2019emploi de forces arm\u00e9es nationales. La seconde, c\u2019est d\u2019avoir un plan national de d\u00e9fense coh\u00e9rent et soutenable dans la dur\u00e9e.<\/em>\u00a0\u00bb\u00a0<br \/>En six\u00a0ans, l\u2019EUTM a form\u00e9 plusieurs milliers de militaires centrafricains. Quelque\u00a070 instructeurs ont d\u00e9j\u00e0 quitt\u00e9 le pays. Un peu plus d\u2019une centaine d\u2019hommes se concentrent d\u00e9sormais sur le conseil strat\u00e9gique.<br \/>\u25ba<strong> \u00c0 lire aussi\u00a0:\u00a0<a href=\"https:\/\/www.rfi.fr\/fr\/afrique\/20220121-africom-confirme-la-pr\u00e9sence-de-wagner-au-mali\" target=\"_self\" rel=\"noopener\">L&rsquo;Africom confirme la pr\u00e9sence de Wagner au Mali<\/a><\/strong><br \/><strong>Newsletter<\/strong>Recevez toute l&#039;actualit\u00e9 internationale directement dans votre boite mail<br \/>Suivez toute l&#039;actualit\u00e9 internationale en t\u00e9l\u00e9chargeant l&#039;application RFI<br \/>Guin\u00e9e-Bissau: le pays se remet de la tentative de coup d\u2019\u00c9tat, la C\u00e9d\u00e9ao envoie des soldats<br \/>Sauvetage de Rayan, 5 ans, tomb\u00e9 dans un puit: le Maroc retient son souffle<br \/>Les forces Barkhane et Takuba pourraient totalement quitter le Mali<br \/>Tuerie en RDC: la FIDH demande \u00e0 l\u2019\u00c9tat \u00abdes mesures de s\u00e9curisation des populations\u00bb<br \/>Le chef de l&#039;Africom r\u00e9affirme la pr\u00e9sence de Wagner au Mali<br \/>Tchad: un accord de non-agression sign\u00e9 pour apaiser la situation \u00e0 Ab\u00e9ch\u00e9<br \/>RDC: apr\u00e8s le drame au march\u00e9 de Matadi Kibala, l&#039;\u00c9tat point\u00e9 du doigt<br \/>Guin\u00e9e: le FNDC change de patron et s&#039;appr\u00eate \u00e0 veiller sur la transition<br \/>Le Rwandais F\u00e9licien Kabuga ne serait pas apte \u00e0 subir son proc\u00e8s pour g\u00e9nocide<br \/>RCA: l&#039;UE reprendra la formation des Faca si elles ne sont pas \u00abemploy\u00e9es\u00bb par Wagner<br \/>L\u2019Espagne va aider le Maroc \u00e0 s&#039;approvisionner en gaz naturel<br \/>La C\u00e9ni de RDC pr\u00e9voit la prochaine pr\u00e9sidentielle pour d\u00e9cembre 2023<br \/>Le contenu auquel vous tentez d&#039;acc\u00e9der n&#039;existe pas ou n&#039;est plus disponible.<\/p>\n<p><a href=\"https:\/\/www.rfi.fr\/fr\/afrique\/20220204-rca-l-ue-reprendra-la-formation-des-faca-si-elles-ne-sont-pas-employ%C3%A9es-par-wagner\">source<\/a><\/p>\n<!--CusAds0-->\n<div style=\"font-size: 0px; height: 0px; line-height: 0px; margin: 0; padding: 0; clear: both;\"><\/div>","protected":false},"excerpt":{"rendered":"<p>Ajouter RFI \u00e0 votre \u00e9cran d&#039;accueil\u00a9 2022 Copyright RFI &#8211; Tous droits r\u00e9serv\u00e9s. RFI n&#039;est pas responsable des contenus provenant de sites Internet externes. Fr\u00e9quentation certifi\u00e9e par l&#039;ACPM\/OJD.Publi\u00e9 le : 04\/02\/2022 &#8211; 03:12 C&rsquo;est ce qu&rsquo;a annonc\u00e9 le vice-amiral Herv\u00e9 Bl\u00e9jean, directeur g\u00e9n\u00e9ral de l\u2019\u00e9tat-major de l\u2019Union europ\u00e9enne, en visite \u00e0 Bangui, jeudi 3 f\u00e9vrier. [&hellip;]<\/p>\n","protected":false},"author":1,"featured_media":0,"comment_status":"open","ping_status":"open","sticky":false,"template":"","format":"standard","meta":{"googlesitekit_rrm_CAow1sXXCw:productID":"","_jetpack_memberships_contains_paid_content":false,"footnotes":"","jetpack_publicize_message":"","jetpack_publicize_feature_enabled":true,"jetpack_social_post_already_shared":false,"jetpack_social_options":{"image_generator_settings":{"template":"highway","default_image_id":0,"font":"","enabled":false},"version":2}},"categories":[1],"tags":[],"class_list":["post-3599","post","type-post","status-publish","format-standard","hentry","category-non-classe"],"jetpack_publicize_connections":[],"jetpack_featured_media_url":"","jetpack_sharing_enabled":true,"_links":{"self":[{"href":"https:\/\/monblogeur.tech\/index.php\/wp-json\/wp\/v2\/posts\/3599","targetHints":{"allow":["GET"]}}],"collection":[{"href":"https:\/\/monblogeur.tech\/index.php\/wp-json\/wp\/v2\/posts"}],"about":[{"href":"https:\/\/monblogeur.tech\/index.php\/wp-json\/wp\/v2\/types\/post"}],"author":[{"embeddable":true,"href":"https:\/\/monblogeur.tech\/index.php\/wp-json\/wp\/v2\/users\/1"}],"replies":[{"embeddable":true,"href":"https:\/\/monblogeur.tech\/index.php\/wp-json\/wp\/v2\/comments?post=3599"}],"version-history":[{"count":0,"href":"https:\/\/monblogeur.tech\/index.php\/wp-json\/wp\/v2\/posts\/3599\/revisions"}],"wp:attachment":[{"href":"https:\/\/monblogeur.tech\/index.php\/wp-json\/wp\/v2\/media?parent=3599"}],"wp:term":[{"taxonomy":"category","embeddable":true,"href":"https:\/\/monblogeur.tech\/index.php\/wp-json\/wp\/v2\/categories?post=3599"},{"taxonomy":"post_tag","embeddable":true,"href":"https:\/\/monblogeur.tech\/index.php\/wp-json\/wp\/v2\/tags?post=3599"}],"curies":[{"name":"wp","href":"https:\/\/api.w.org\/{rel}","templated":true}]}}