{"id":3614,"date":"2022-02-04T22:06:27","date_gmt":"2022-02-04T21:06:27","guid":{"rendered":"https:\/\/monblogeur.tech\/index.php\/2022\/02\/04\/decouvrir-les-dispositifs-de-retour-a-lemploi-lest-eclair\/"},"modified":"2022-02-04T22:06:27","modified_gmt":"2022-02-04T21:06:27","slug":"decouvrir-les-dispositifs-de-retour-a-lemploi-lest-eclair","status":"publish","type":"post","link":"https:\/\/monblogeur.tech\/index.php\/2022\/02\/04\/decouvrir-les-dispositifs-de-retour-a-lemploi-lest-eclair\/","title":{"rendered":"D\u00e9couvrir les dispositifs de retour \u00e0 l&#039;emploi &#8211; L&#039;Est Eclair"},"content":{"rendered":"<div class=\"cfbc967f0983488262956e73eca9483a\" data-index=\"1\" style=\"float: none; margin:10px 0 10px 0; text-align:center;\">\n<script async src=\"https:\/\/pagead2.googlesyndication.com\/pagead\/js\/adsbygoogle.js?client=ca-pub-3859091246952232\" crossorigin=\"anonymous\"><\/script>\r\n<!-- blok -->\r\n<ins class=\"adsbygoogle\" data-ad-client=\"ca-pub-3859091246952232\" data-ad-slot=\"1334354390\"><\/ins>\r\n<script>\r\n     (adsbygoogle = window.adsbygoogle || []).push({});\r\n<\/script>\r\n\n<\/div>\n<p><!-- field printed from field.tpl.php --> \tMis en ligne le 4\/02\/2022 \u00e0 05:00<!-- \/ field -->\t   <br \/>Le pr\u00e9fet de l\u2019Aube, St\u00e9phane Rouv\u00e9, a visit\u00e9 le centre de formation de l\u2019Afpa (Agence nationale pour la formation professionnelle des adultes)<br \/>\u00e0 Pont-Sainte-Marie, et en particulier les formations \u00ab&nbsp;Promo 16\/18&nbsp;\u00bb et \u00ab&nbsp;Pr\u00e9pa comp\u00e9tences&nbsp;\u00bb ainsi que le \u00ab&nbsp;Village Afpa&nbsp;\u00bb.<\/p>\n<p><i class=\"fa fa-pencil\"> <\/i> VINCENT GORI<\/p>\n<p><a href=\"https:\/\/www.lest-eclair.fr\/id338607\/article\/2022-02-04\/decouvrir-les-dispositifs-de-retour-lemploi\">source<\/a><\/p>\n<!--CusAds0-->\n<div style=\"font-size: 0px; height: 0px; line-height: 0px; margin: 0; padding: 0; clear: both;\"><\/div>","protected":false},"excerpt":{"rendered":"<p>Mis en ligne le 4\/02\/2022 \u00e0 05:00 Le pr\u00e9fet de l\u2019Aube, St\u00e9phane Rouv\u00e9, a visit\u00e9 le centre de formation de l\u2019Afpa (Agence nationale pour la formation professionnelle des adultes)\u00e0 Pont-Sainte-Marie, et en particulier les formations \u00ab&nbsp;Promo 16\/18&nbsp;\u00bb et \u00ab&nbsp;Pr\u00e9pa comp\u00e9tences&nbsp;\u00bb ainsi que le \u00ab&nbsp;Village Afpa&nbsp;\u00bb. VINCENT GORI source<\/p>\n","protected":false},"author":1,"featured_media":0,"comment_status":"open","ping_status":"open","sticky":false,"template":"","format":"standard","meta":{"googlesitekit_rrm_CAow1sXXCw:productID":"","_jetpack_memberships_contains_paid_content":false,"footnotes":"","jetpack_publicize_message":"","jetpack_publicize_feature_enabled":true,"jetpack_social_post_already_shared":false,"jetpack_social_options":{"image_generator_settings":{"template":"highway","default_image_id":0,"font":"","enabled":false},"version":2}},"categories":[1],"tags":[],"class_list":["post-3614","post","type-post","status-publish","format-standard","hentry","category-non-classe"],"jetpack_publicize_connections":[],"jetpack_featured_media_url":"","jetpack_sharing_enabled":true,"_links":{"self":[{"href":"https:\/\/monblogeur.tech\/index.php\/wp-json\/wp\/v2\/posts\/3614","targetHints":{"allow":["GET"]}}],"collection":[{"href":"https:\/\/monblogeur.tech\/index.php\/wp-json\/wp\/v2\/posts"}],"about":[{"href":"https:\/\/monblogeur.tech\/index.php\/wp-json\/wp\/v2\/types\/post"}],"author":[{"embeddable":true,"href":"https:\/\/monblogeur.tech\/index.php\/wp-json\/wp\/v2\/users\/1"}],"replies":[{"embeddable":true,"href":"https:\/\/monblogeur.tech\/index.php\/wp-json\/wp\/v2\/comments?post=3614"}],"version-history":[{"count":0,"href":"https:\/\/monblogeur.tech\/index.php\/wp-json\/wp\/v2\/posts\/3614\/revisions"}],"wp:attachment":[{"href":"https:\/\/monblogeur.tech\/index.php\/wp-json\/wp\/v2\/media?parent=3614"}],"wp:term":[{"taxonomy":"category","embeddable":true,"href":"https:\/\/monblogeur.tech\/index.php\/wp-json\/wp\/v2\/categories?post=3614"},{"taxonomy":"post_tag","embeddable":true,"href":"https:\/\/monblogeur.tech\/index.php\/wp-json\/wp\/v2\/tags?post=3614"}],"curies":[{"name":"wp","href":"https:\/\/api.w.org\/{rel}","templated":true}]}}