{"id":3704,"date":"2022-02-05T20:06:30","date_gmt":"2022-02-05T19:06:30","guid":{"rendered":"https:\/\/monblogeur.tech\/index.php\/2022\/02\/05\/atelier-sur-la-formation-professionnelle-mardi-8-fevrier-espace-des-caouecs-mardi-8-fevrier-2022-unidivers\/"},"modified":"2022-02-05T20:06:30","modified_gmt":"2022-02-05T19:06:30","slug":"atelier-sur-la-formation-professionnelle-mardi-8-fevrier-espace-des-caouecs-mardi-8-fevrier-2022-unidivers","status":"publish","type":"post","link":"https:\/\/monblogeur.tech\/index.php\/2022\/02\/05\/atelier-sur-la-formation-professionnelle-mardi-8-fevrier-espace-des-caouecs-mardi-8-fevrier-2022-unidivers\/","title":{"rendered":"Atelier sur la formation professionnelle \u2013 Mardi 8 f\u00e9vrier Espace des Caouecs mardi 8 f\u00e9vrier 2022 &#8211; Unidivers"},"content":{"rendered":"<div class=\"cfbc967f0983488262956e73eca9483a\" data-index=\"1\" style=\"float: none; margin:10px 0 10px 0; text-align:center;\">\n<script async src=\"https:\/\/pagead2.googlesyndication.com\/pagead\/js\/adsbygoogle.js?client=ca-pub-3859091246952232\" crossorigin=\"anonymous\"><\/script>\r\n<!-- blok -->\r\n<ins class=\"adsbygoogle\" data-ad-client=\"ca-pub-3859091246952232\" data-ad-slot=\"1334354390\"><\/ins>\r\n<script>\r\n     (adsbygoogle = window.adsbygoogle || []).push({});\r\n<\/script>\r\n\n<\/div>\n<p>Atelier sur la formation professionnelle &#8211; Mardi 8 f\u00e9vrier<br \/> Espace des Caouecs, le mardi 8 f\u00e9vrier \u00e0 09:30<br \/> Atelier, co-anim\u00e9 avec P\u00f4le emploi.  Inscription aupr\u00e8s de la Maison de l\u2019emploi et de l&rsquo;entreprise ou du p\u00f4le emploi de Blagnac<br \/> Sur inscription<br \/> S\u2019informer sur les dispositifs, les financements, les interlocuteurs\u2026 et pr\u00e9parer son entr\u00e9e en formation<br \/>Espace des Caouecs Place des Arts, 31700 Blagnac Blagnac  Haute-Garonne<\/p>\n<p> Dates et horaires de d\u00e9but et de fin (ann\u00e9e &#8211; mois &#8211; jour &#8211; heure) :<br \/> 2022-02-08T09:30:00 2022-02-08T12:00:00<br \/><strong><a href=\"https:\/\/openagenda.com\/unidivers\/signup\" rel=\"noopener noreferrer\">Ajouter\u00a0gratuitement vos \u00e9v\u00e9nements \u00e0 notre agenda ici<\/a><\/strong><br \/> <a href=\"https:\/\/www.unidivers.fr\/agenda\/categorie\/haute-garonne\/\" rel=\"bookmark\"> Voir la suite des \u00e9v\u00e9nements ici <\/a><br \/> <a href=\"https:\/\/www.unidivers.fr\/agenda\/categorie\/toulouse\/\" rel=\"bookmark\"> Voir la suite des \u00e9v\u00e9nements ici <\/a><br \/>Copyright Unidivers Mag, le Web culturel breton : Rennes, Bretagne, France 2011-2029 Unidivers est un magazine associatif social et solidaire sans but lucratif ( loi 1901) reconnu par la R\u00e9publique fran\u00e7aise Service de presse sous le num\u00e9ro de Commission paritaire Presse : 0624W 91424. SIREN : 529 400 566. Adresse du si\u00e8ge social : 18, rue Lanjuinais 35000 Rennes. Adresse de la r\u00e9daction : 10, rue Jean Guy 35000 Rennes. T\u00e9l\u00e9phone : 02 56 01 81 51 Directeur de la publication : Laurent Kontzler. R\u00e9dacteur en chef et Webmaster : Nicolas Roberti. Les articles de une sont des contenus originaux d&rsquo;Unidivers. Les informations de notre agenda sont issues de contributions participatives, Open agenda et Datatourisme Vous pouvez nous signaler tout contenu ind\u00e9sirable par t\u00e9l\u00e9phone au 02 56 01 81 51 ou par courriel : contact@unidivers.fr<\/p>\n<p><a href=\"https:\/\/www.unidivers.fr\/event\/atelier-sur-la-formation-professionnelle-mardi-8-fevrier-espace-des-caouecs-2022-02-08\/\">source<\/a><\/p>\n<!--CusAds0-->\n<div style=\"font-size: 0px; height: 0px; line-height: 0px; margin: 0; padding: 0; clear: both;\"><\/div>","protected":false},"excerpt":{"rendered":"<p>Atelier sur la formation professionnelle &#8211; Mardi 8 f\u00e9vrier Espace des Caouecs, le mardi 8 f\u00e9vrier \u00e0 09:30 Atelier, co-anim\u00e9 avec P\u00f4le emploi. Inscription aupr\u00e8s de la Maison de l\u2019emploi et de l&rsquo;entreprise ou du p\u00f4le emploi de Blagnac Sur inscription S\u2019informer sur les dispositifs, les financements, les interlocuteurs\u2026 et pr\u00e9parer son entr\u00e9e en formationEspace [&hellip;]<\/p>\n","protected":false},"author":1,"featured_media":0,"comment_status":"open","ping_status":"open","sticky":false,"template":"","format":"standard","meta":{"googlesitekit_rrm_CAow1sXXCw:productID":"","_jetpack_memberships_contains_paid_content":false,"footnotes":"","jetpack_publicize_message":"","jetpack_publicize_feature_enabled":true,"jetpack_social_post_already_shared":false,"jetpack_social_options":{"image_generator_settings":{"template":"highway","default_image_id":0,"font":"","enabled":false},"version":2}},"categories":[1],"tags":[],"class_list":["post-3704","post","type-post","status-publish","format-standard","hentry","category-non-classe"],"jetpack_publicize_connections":[],"jetpack_featured_media_url":"","jetpack_sharing_enabled":true,"_links":{"self":[{"href":"https:\/\/monblogeur.tech\/index.php\/wp-json\/wp\/v2\/posts\/3704","targetHints":{"allow":["GET"]}}],"collection":[{"href":"https:\/\/monblogeur.tech\/index.php\/wp-json\/wp\/v2\/posts"}],"about":[{"href":"https:\/\/monblogeur.tech\/index.php\/wp-json\/wp\/v2\/types\/post"}],"author":[{"embeddable":true,"href":"https:\/\/monblogeur.tech\/index.php\/wp-json\/wp\/v2\/users\/1"}],"replies":[{"embeddable":true,"href":"https:\/\/monblogeur.tech\/index.php\/wp-json\/wp\/v2\/comments?post=3704"}],"version-history":[{"count":0,"href":"https:\/\/monblogeur.tech\/index.php\/wp-json\/wp\/v2\/posts\/3704\/revisions"}],"wp:attachment":[{"href":"https:\/\/monblogeur.tech\/index.php\/wp-json\/wp\/v2\/media?parent=3704"}],"wp:term":[{"taxonomy":"category","embeddable":true,"href":"https:\/\/monblogeur.tech\/index.php\/wp-json\/wp\/v2\/categories?post=3704"},{"taxonomy":"post_tag","embeddable":true,"href":"https:\/\/monblogeur.tech\/index.php\/wp-json\/wp\/v2\/tags?post=3704"}],"curies":[{"name":"wp","href":"https:\/\/api.w.org\/{rel}","templated":true}]}}