{"id":405,"date":"2021-11-17T02:17:00","date_gmt":"2021-11-17T01:17:00","guid":{"rendered":"https:\/\/monblogeur.tech\/index.php\/2021\/11\/17\/indemnite-inflation-38-millions-de-francais-recevront-100-euros-infodujour-fr\/"},"modified":"2021-11-17T02:17:00","modified_gmt":"2021-11-17T01:17:00","slug":"indemnite-inflation-38-millions-de-francais-recevront-100-euros-infodujour-fr","status":"publish","type":"post","link":"https:\/\/monblogeur.tech\/index.php\/2021\/11\/17\/indemnite-inflation-38-millions-de-francais-recevront-100-euros-infodujour-fr\/","title":{"rendered":"Indemnit\u00e9 inflation : 38 millions de Fran\u00e7ais recevront 100 euros &#8211; Infodujour.fr"},"content":{"rendered":"<div class=\"cfbc967f0983488262956e73eca9483a\" data-index=\"1\" style=\"float: none; margin:10px 0 10px 0; text-align:center;\">\n<script async src=\"https:\/\/pagead2.googlesyndication.com\/pagead\/js\/adsbygoogle.js?client=ca-pub-3859091246952232\" crossorigin=\"anonymous\"><\/script>\r\n<!-- blok -->\r\n<ins class=\"adsbygoogle\" data-ad-client=\"ca-pub-3859091246952232\" data-ad-slot=\"1334354390\"><\/ins>\r\n<script>\r\n     (adsbygoogle = window.adsbygoogle || []).push({});\r\n<\/script>\r\n\n<\/div>\n<p><span><span><a href=\"https:\/\/infodujour.fr\/\">IDJ<\/a> \/ <span><a href=\"https:\/\/infodujour.fr\/societe\">Soci\u00e9t\u00e9<\/a> \/ <span class=\"breadcrumb_last\">Indemnit\u00e9 inflation : 38 millions de Fran\u00e7ais recevront 100 euros<\/span><\/span><\/span><\/span><\/p>\n<p><strong>Face \u00e0 la forte hausse du co\u00fbt des \u00e9nergies, de l\u2019essence en particulier, 38 millions de Fran\u00e7ais gagnant moins de 2 000 euros net par mois (salari\u00e9s, ind\u00e9pendants, retrait\u00e9s, b\u00e9n\u00e9ficiaires du RSA ou de l&rsquo;allocation aux adultes handicap\u00e9s&#8230;) vont percevoir une indemnit\u00e9 inflation d&rsquo;un montant de 100 euros. Qui la recevra ? Quand ? Le point sur les modalit\u00e9s.<\/strong><br \/>Cent euros. C\u2019est la somme que vont percevoir quelque 38 millions de Fran\u00e7ais. Une indemnit\u00e9 inflation destin\u00e9e \u00e0 pr\u00e9server le pouvoir d\u2019achat des personnes les plus vuln\u00e9rables et des classes moyennes. Notamment face \u00e0 la flamb\u00e9e du prix des carburants constat\u00e9e en cette fin d\u2019ann\u00e9e.<br \/>L\u2019indemnit\u00e9 inflation sera vers\u00e9e aux actifs \u2013 salari\u00e9s, travailleurs non-salari\u00e9s, demandeurs d\u2019emploi \u2013 aux invalides et aux retrait\u00e9s dont les revenus d\u2019activit\u00e9 et les pensions d\u2019invalidit\u00e9 ou de retraite sont inf\u00e9rieurs \u00e0 2 000 euros nets par mois.<br \/>Elle sera \u00e9galement vers\u00e9e aux personnes b\u00e9n\u00e9ficiaires des allocations ou prestations sociales suivantes :<br \/>Les \u00e9tudiants, boursiers et non boursiers autonomes, percevant une aide au logement, ainsi que les jeunes en recherche d\u2019emploi ou inscrits dans un parcours d\u2019insertion (apprentis, services civiques, stagiaires de la formation professionnelle, volontaires en \u00c9tablissement pour l&rsquo;insertion dans l&#8217;emploi (EPIDE) font \u00e9galement partie du dispositif.<br \/>Il s\u2019agit d\u2019un versement de 100\u20ac, en une seule fois, \u00e0 chaque b\u00e9n\u00e9ficiaire. Ce montant ne sera soumis \u00e0 aucun pr\u00e9l\u00e8vement fiscal ou social. Il ne sera pris en compte ni dans les conditions de ressources pour le b\u00e9n\u00e9fice des aides sociales, ni pour le calcul de l\u2019imp\u00f4t sur le revenu.<br \/>L\u2019aide sera vers\u00e9e aux salari\u00e9s du secteur priv\u00e9 et aux agents publics (titulaires et contractuels de la fonction publique) par leur employeur. En fonction de leur situation au mois d\u2019octobre 2021, sans d\u00e9marche \u00e0 entreprendre. Y compris pour les personnes qui ne sont plus employ\u00e9es au moment du versement, les salari\u00e9s \u00e0 temps partiel, en cong\u00e9s ou absence, quel qu\u2019en soit le motif.<br \/>L\u2019aide sera visible sur une ligne d\u00e9di\u00e9e du bulletin de paie sous le libell\u00e9 \u00ab Indemnit\u00e9 inflation \u00bb.<br \/><strong><span style=\"color: #536c79\">Cas sp\u00e9cifique de certains salari\u00e9s :<\/span><\/strong><br \/>Les URSSAF verseront directement l\u2019aide aux travailleurs ind\u00e9pendants non agricoles ainsi qu\u2019aux salari\u00e9s de particuliers employeurs. Les caisses de la mutualit\u00e9 sociale agricole seront responsables du versement au b\u00e9n\u00e9fice des exploitants agricoles.<br \/>L\u2019aide sera vers\u00e9e par les caisses de retraite, par la caisse d\u2019allocations familiales (CAF) et la mutualit\u00e9 sociale agricole (MSA) pour le RSA et l\u2019allocation aux adultes handicap\u00e9s (AAH) notamment. P\u00f4le Emploi octroiera l\u2019aide aux demandeurs d\u2019emploi.<br \/><strong><span style=\"color: #536c79\">Focus sur les demandeurs d&#8217;emploi<\/span><\/strong><br \/><span style=\"color: #536c79\">L\u2019indemnit\u00e9 inflation sera vers\u00e9e \u00e0 tous les demandeurs d\u2019emploi inscrits \u00e0 P\u00f4le Emploi au mois d\u2019octobre 2021 et dont l\u2019allocation est inf\u00e9rieure ou \u00e9gale \u00e0 2 000\u20ac net par mois :<\/span><br \/><span style=\"color: #536c79\">Les demandeurs non indemnis\u00e9s de ces cat\u00e9gories sont aussi \u00e9ligibles. L\u2019indemnit\u00e9 sera vers\u00e9e par P\u00f4le Emploi \u00e0 l\u2019ensemble des b\u00e9n\u00e9ficiaires en janvier 2022.<\/span><br \/><span style=\"color: #536c79\">Pour les demandeurs d\u2019emploi qui ont eu une activit\u00e9 en octobre, c\u2019est l\u2019employeur ou l\u2019URSSAF qui versera l\u2019indemnit\u00e9. Les b\u00e9n\u00e9ficiaires de minima sociaux recevront l\u2019aide des CAF ou des caisses de la MSA.<\/span><br \/>Les jeunes d\u2019au moins 16 ans sont \u00e9ligibles s\u2019ils remplissent une des conditions suivantes :<br \/>Leur situation sera appr\u00e9ci\u00e9e au mois d\u2019octobre.<br \/>L&rsquo;aide sera vers\u00e9e en d\u00e9cembre par les CROUS aux boursiers. Par la R\u00e9gion aux \u00e9tudiants inscrits dans une formation sanitaire et sociale de la R\u00e9gion. Et directement par leur \u00e9cole aux boursiers inscrits dans des \u00e9coles dont les bourses ne sont pas op\u00e9r\u00e9es par les CROUS.<br \/>Les boursiers qui ont exerc\u00e9 une activit\u00e9 professionnelle en octobre devront se signaler au CROUS afin que celui-ci ne leur verse pas l\u2019indemnit\u00e9. Elle sera octroy\u00e9e par l\u2019employeur. Tout comme les apprentis et les stagiaires en milieu professionnel et selon les m\u00eames modalit\u00e9s que les autres salari\u00e9s.<br \/>L\u2019indemnit\u00e9 sera vers\u00e9e par la CAF ou la caisse de la MSA aux \u00e9tudiants ayant une aide au logement, non boursiers, et sans activit\u00e9 professionnelle, au mois de janvier 2022.<br \/>Afin de compenser la hausse g\u00e9n\u00e9rale des prix, une \u00ab indemnit\u00e9 inflation \u00bb de 100 \u20ac sera bient\u00f4t vers\u00e9e \u00e0 38 millions de Fran\u00e7ais.<br \/>B\u00e9n\u00e9ficiaires, versement, calendrier&#8230; D\u00e9couvrez les modalit\u00e9s concernant l&#039;obtention de cette aide \u2935\ufe0f<br \/>En savoir plus : <a href=\"https:\/\/t.co\/vK9KEVFw0l\">https:\/\/t.co\/vK9KEVFw0l<\/a><br \/>&mdash; Gouvernement (@gouvernementFR) <a href=\"https:\/\/twitter.com\/gouvernementFR\/status\/1455959711329792006?ref_src=twsrc%5Etfw\">November 3, 2021<\/a><\/p>\n<p>\u00c0 partir de d\u00e9cembre 2021 pour la plupart des salari\u00e9s du secteur priv\u00e9 et les travailleurs non-salari\u00e9s et au plus tard en janvier 2022 pour les agents publics. C\u2019est le CNOUS qui versera l\u2019indemnit\u00e9 inflation aux \u00e9tudiants boursiers d\u00e8s d\u00e9cembre 2021. Quant aux allocataires de prestations sociales, l\u2019aide sera vers\u00e9e en janvier par les CAF\/MSA et par les CPAM. Les demandeurs d\u2019emploi la percevront de P\u00f4le Emploi, \u00e9galement en janvier.<br \/><a class=\"bouton\" href=\"https:\/\/www.gouvernement.fr\/toutes-les-reponses-a-vos-questions-sur-l-indemnite-inflation\" target=\"_blank\" rel=\"noopener\"><strong>Toutes les r\u00e9ponses \u00e0 vos questions sur l\u2019indemnit\u00e9 inflation<\/strong><\/a><br \/><a class=\"boutonabo\" style=\"font-size:16px\" href=\"https:\/\/infodujour.fr\/abonnement\"><i class=\"fa fa-caret-right\"><\/i>&nbsp;&nbsp;<b>S\u2019abonner \u00e0 IDJ<\/b> <span style=\"text-transform:capitalize\">(gratuit)<\/span><\/a><br \/>Lire Aussi<br \/>P\u00e9nurie d&rsquo;essence (dr)<br \/>\u00c9volution des prix \u00e0 la consommation en Frabnce (hors Mayotte) source: INSEE<br \/>L\u00e9g\u00e8re baisse de l&rsquo;inflation en juillet 2018 (Insee)<br \/><a href=\"https:\/\/infodujour.fr\/societe\/54081-grand-nancy-remboursement-de-la-taxe-des-ordures-cest-pour-bientot\" rel=\"bookmark\">Grand Nancy : remboursement de la taxe des ordures, c&rsquo;est pour bient\u00f4t<\/a><br \/><a href=\"https:\/\/infodujour.fr\/societe\/54045-nancy-un-droit-de-preemption-commercial\" rel=\"bookmark\">Nancy : un droit de pr\u00e9emption commercial<\/a><br \/><a href=\"https:\/\/infodujour.fr\/societe\/54007-nancy-renoue-avec-les-fetes-de-saint-nicolas-le-grand-pere-du-pere-noel\" rel=\"bookmark\">Nancy renoue avec les f\u00eates de Saint-Nicolas, le grand-p\u00e8re du P\u00e8re-No\u00ebl<\/a><br \/><a href=\"https:\/\/infodujour.fr\/societe\/54004-meurthe-et-moselle-le-masque-redevient-obligatoire-en-exterieur\" rel=\"bookmark\">Meurthe-et-Moselle : le masque redevient obligatoire en ext\u00e9rieur<\/a><br \/><a href=\"https:\/\/infodujour.fr\/economie\/54000-grippe-aviaire-detectee-au-lac-de-madine-meuse\" rel=\"bookmark\">La grippe aviaire d\u00e9tect\u00e9e au lac de Madine (Meuse)<\/a><br \/><a href=\"https:\/\/infodujour.fr\/culture\/cinema\/53993-festival-du-film-italien-de-villerupt-54-le-palmares\" rel=\"bookmark\">Festival du film italien de Villerupt (54) : Le palmar\u00e8s<\/a><br \/><a href=\"https:\/\/infodujour.fr\/sciences\/53825-scienceyou-rapprocher-la-science-des-citoyens\" rel=\"bookmark\">Science&#038;You : Rapprocher la science des citoyens<\/a><br \/><a href=\"https:\/\/infodujour.fr\/societe\/53669-nancy-les-joutes-du-temeraire-2\" rel=\"bookmark\">Nancy : Les joutes du T\u00e9m\u00e9raire<\/a><br \/><a href=\"https:\/\/infodujour.fr\/societe\/53925-un-11-novembre-a-vandoeuvre-les-nancy\" rel=\"bookmark\">Un 11 novembre \u00e0 Vand\u0153uvre-l\u00e8s-Nancy<\/a><br \/><a href=\"https:\/\/infodujour.fr\/societe\/53918-grand-est-elus-et-associations-contre-lexploitation-du-gaz-de-couche\" rel=\"bookmark\">Grand Est : \u00e9lus et associations contre l&rsquo;exploitation du gaz de couche<\/a><br \/><a href=\"https:\/\/infodujour.fr\/culture\/cinema\" target=\"_self\" rel=\"noopener\"><i class=\"fa fa-film\"><\/i>   Cin\u00e9ma<\/a><br \/><a class=\"bouton333\" href=\"https:\/\/infodujour.fr\/la-boite-a-infos\" target=\"_self\" rel=\"noopener\"><i class=\"fa fa-envelope\"><\/i>   La Bo\u00eete \u00e0 Infos<\/a><br \/><a title=\"Par email\" href=\"https:\/\/infodujour.fr\/newsletter\"><i class=\"fa fa-envelope\"><\/i> Newsletter<\/a><br \/><a title=\"Ajoutez \u00e0 vos Favoris Google News\" href=\"https:\/\/news.google.com\/publications\/CAAqKAgKIiJDQklTRXdnTWFnOEtEV2x1Wm05a2RXcHZkWEl1Wm5Jb0FBUAE\" target=\"_blank\" rel=\"noopener noreferrer\"><i class=\"fa fa-newspaper-o\"><\/i> Google News<\/a><br \/><a href=\"https:\/\/twitter.com\/idj_infodujour\" target=\"_blank\" rel=\"noopener noreferrer\"><i class=\"fa fa-twitter\"><\/i> Twitter<\/a><br \/><a href=\"https:\/\/www.facebook.com\/idj.infodujour\/\" target=\"_blank\" rel=\"noopener noreferrer\"><i class=\"fa fa-facebook\"><\/i> Facebook<\/a><br \/><a class=\"bouton333 margbot30\" href=\"https:\/\/infodujour.fr\/nous-contacter\" target=\"_self\" rel=\"noopener\">T\u00e9moin d\u2019un \u00e9v\u00e9nement important ?<br \/>Lanceur d&rsquo;alerte ?<br \/>Vous avez des infos exclusives ?<\/p>\n<p><i class=\"fa fa-envelope-o fa-2x\"><\/i><br \/><b>Contactez-nous!<\/b><\/a><br \/>  <img loading=\"lazy\" decoding=\"async\" src=\"https:\/\/infodujour.fr\/wp-content\/uploads\/2018\/07\/idj-notification.png\" class=\"image wp-image-16213  attachment-full size-full\" alt=\"Infodujur.fr\" style=\"max-width: 60%;height: auto\" width=\"140\" height=\"192\">  <br \/><strong>Nous suivre<\/strong><\/p>\n<p><a href=\"https:\/\/infodujour.fr\/societe\/53890-indemnite-inflation-38-millions-de-francais-recevront-100-euros\">source<\/a><\/p>\n<!--CusAds0-->\n<div style=\"font-size: 0px; height: 0px; line-height: 0px; margin: 0; padding: 0; clear: both;\"><\/div>","protected":false},"excerpt":{"rendered":"<p>IDJ \/ Soci\u00e9t\u00e9 \/ Indemnit\u00e9 inflation : 38 millions de Fran\u00e7ais recevront 100 euros Face \u00e0 la forte hausse du co\u00fbt des \u00e9nergies, de l\u2019essence en particulier, 38 millions de Fran\u00e7ais gagnant moins de 2 000 euros net par mois (salari\u00e9s, ind\u00e9pendants, retrait\u00e9s, b\u00e9n\u00e9ficiaires du RSA ou de l&rsquo;allocation aux adultes handicap\u00e9s&#8230;) vont percevoir une [&hellip;]<\/p>\n","protected":false},"author":1,"featured_media":0,"comment_status":"open","ping_status":"open","sticky":false,"template":"","format":"standard","meta":{"googlesitekit_rrm_CAow1sXXCw:productID":"","_jetpack_memberships_contains_paid_content":false,"footnotes":"","jetpack_publicize_message":"","jetpack_publicize_feature_enabled":true,"jetpack_social_post_already_shared":false,"jetpack_social_options":{"image_generator_settings":{"template":"highway","default_image_id":0,"font":"","enabled":false},"version":2}},"categories":[1],"tags":[],"class_list":["post-405","post","type-post","status-publish","format-standard","hentry","category-non-classe"],"jetpack_publicize_connections":[],"jetpack_featured_media_url":"","jetpack_sharing_enabled":true,"_links":{"self":[{"href":"https:\/\/monblogeur.tech\/index.php\/wp-json\/wp\/v2\/posts\/405","targetHints":{"allow":["GET"]}}],"collection":[{"href":"https:\/\/monblogeur.tech\/index.php\/wp-json\/wp\/v2\/posts"}],"about":[{"href":"https:\/\/monblogeur.tech\/index.php\/wp-json\/wp\/v2\/types\/post"}],"author":[{"embeddable":true,"href":"https:\/\/monblogeur.tech\/index.php\/wp-json\/wp\/v2\/users\/1"}],"replies":[{"embeddable":true,"href":"https:\/\/monblogeur.tech\/index.php\/wp-json\/wp\/v2\/comments?post=405"}],"version-history":[{"count":0,"href":"https:\/\/monblogeur.tech\/index.php\/wp-json\/wp\/v2\/posts\/405\/revisions"}],"wp:attachment":[{"href":"https:\/\/monblogeur.tech\/index.php\/wp-json\/wp\/v2\/media?parent=405"}],"wp:term":[{"taxonomy":"category","embeddable":true,"href":"https:\/\/monblogeur.tech\/index.php\/wp-json\/wp\/v2\/categories?post=405"},{"taxonomy":"post_tag","embeddable":true,"href":"https:\/\/monblogeur.tech\/index.php\/wp-json\/wp\/v2\/tags?post=405"}],"curies":[{"name":"wp","href":"https:\/\/api.w.org\/{rel}","templated":true}]}}