{"id":410,"date":"2021-11-17T03:03:40","date_gmt":"2021-11-17T02:03:40","guid":{"rendered":"https:\/\/monblogeur.tech\/index.php\/2021\/11\/17\/montauban-salon-taf-trouver-un-emploi-une-formation-et-des-contacts-professionnels-ladepeche-fr\/"},"modified":"2021-11-17T03:03:40","modified_gmt":"2021-11-17T02:03:40","slug":"montauban-salon-taf-trouver-un-emploi-une-formation-et-des-contacts-professionnels-ladepeche-fr","status":"publish","type":"post","link":"https:\/\/monblogeur.tech\/index.php\/2021\/11\/17\/montauban-salon-taf-trouver-un-emploi-une-formation-et-des-contacts-professionnels-ladepeche-fr\/","title":{"rendered":"Montauban. Salon TAF : trouver un emploi, une formation et des contacts professionnels &#8211; ladepeche.fr"},"content":{"rendered":"<div class=\"cfbc967f0983488262956e73eca9483a\" data-index=\"1\" style=\"float: none; margin:10px 0 10px 0; text-align:center;\">\n<script async src=\"https:\/\/pagead2.googlesyndication.com\/pagead\/js\/adsbygoogle.js?client=ca-pub-3859091246952232\" crossorigin=\"anonymous\"><\/script>\r\n<!-- blok -->\r\n<ins class=\"adsbygoogle\" data-ad-client=\"ca-pub-3859091246952232\" data-ad-slot=\"1334354390\"><\/ins>\r\n<script>\r\n     (adsbygoogle = window.adsbygoogle || []).push({});\r\n<\/script>\r\n\n<\/div>\n<p>                                                                     <span class=\"article-full__chapo-label hide-on-small-only\">l&rsquo;essentiel<\/span>                                                                 Mardi commence la premi\u00e8re \u00e9dition du salon TAF organis\u00e9 par la R\u00e9gion Occitanie en partenariat avec P\u00f4le Emploi, la Mission locale et le Grand Montauban. L&rsquo;occasion d&rsquo;un entretien avec Marie Castro, vice-pr\u00e9sidente de la R\u00e9gion en charge de la formation professionnelle.                             <br \/>Cr\u00e9\u00e9s par la R\u00e9gion et ouvert \u00e0 tous les publics, les salons TAF pour Travail Avenir Formation sont devenus des rendez-vous incontournables dans les 13 d\u00e9partements d&rsquo;Occitanie. Pour la premi\u00e8re fois, ce salon est organis\u00e9 dans le Tarn-et-Garonne mardi 26 octobre \u00e0 Eurythmie de 9\u2005h \u00e0 17\u2005h. Marie Castro, vice-pr\u00e9sidente de la R\u00e9gion en charge de la formation professionnelle explique l&rsquo;importance de ce salon pour l&rsquo;emploi dans le d\u00e9partement.<br \/>Les salons TAF existaient d\u00e9j\u00e0 dans d&rsquo;autres d\u00e9partements, pourquoi est-ce la premi\u00e8re fois dans le Tarn-et-Garonne\u2005?<br \/>\u00c0 vrai dire, je viens d&rsquo;\u00eatre \u00e9lue donc je ne sais pas pourquoi il n&rsquo;y en a pas eu avant. Mais ils ont d\u00e9montr\u00e9 ailleurs leur efficacit\u00e9 et leur succ\u00e8s. En 2020, malgr\u00e9 la crise sanitaire, les salons TAF ont re\u00e7u 40\u2005565 visiteurs, 747 organismes de formation, 8 mille offres d&rsquo;emploi et 3\u2005300 entreprises ont jou\u00e9 le jeu. Alors que la R\u00e9gion compte 600\u2005000 demandeurs d&rsquo;emploi, c&rsquo;est aujourd&rsquo;hui une solution qui fonctionne pour aider les personnes \u00e0 trouver un emploi ou une formation. Il \u00e9tait donc normal que le salon TAF arrive \u00e0 Montauban\u2005! D&rsquo;autant plus que c&rsquo;est un d\u00e9partement o\u00f9 les indicateurs de pr\u00e9carit\u00e9 sont rouges.<br \/>\u00c0 qui s&rsquo;adresse le salon et que pourra-t-on y trouver\u2005?<br \/>Le salon est vraiment ouvert \u00e0 tous, tous les \u00e2ges et tous les profils. Ceux qui cherchent un emploi, une formation, une orientation ou une r\u00e9orientation. Ils pourront d\u00e9couvrir des m\u00e9tiers et des fili\u00e8res porteuses. Les gens pourront acc\u00e9der \u00e0 des informations sur les formations et leurs d\u00e9bouch\u00e9s mais aussi rencontrer 70 entreprises qui recrutent. Il y aura aussi un espace d\u00e9di\u00e9 aux jobs saisonniers. Le public pourra d\u00e9poser leur CV. L&rsquo;agriculture, notamment, recherche 22 mille saisonniers.<br \/>Le but est de favoriser les \u00e9changes mais aussi de redonner confiance aux demandeurs d&rsquo;emploi\u2005?<br \/>Oui, dans l&rsquo;espace formation, 34 structures seront pr\u00e9sentes et 15 d\u00e9di\u00e9es \u00e0 l&rsquo;orientation ou la requalification. Il y aura des conseillers en \u00e9volution professionnelle (CEP), en validation des acquis de l&rsquo;exp\u00e9rience (VAE) ou encore sur la valorisation de l&rsquo;image professionnelle (VIP). L&rsquo;AD&rsquo;OCC animera aussi l&rsquo;espace cr\u00e9ation d&rsquo;entreprise sur lequel seront r\u00e9unies les structures membres du r\u00e9seau &laquo;\u2005Entreprenez sur le 82\u2005&raquo;. <\/p>\n<div class=\"center-align\">\n<figure class=\"std-img\" data-src=\"https:\/\/images.ladepeche.fr\/api\/v1\/images\/view\/6176cbba8fe56f2123719636\/original\/image.jpg?v=1\">         <img class=\"std-img__img responsive-img\" data-src=\"https:\/\/images.ladepeche.fr\/api\/v1\/images\/view\/6176cbba8fe56f2123719636\/full\/image.jpg?v=1\" alt=\"Marie Castro, vice-pr\u00e9sidente de la r\u00e9gion Occitanie\" \/><figcaption class=\"article-full__media-infos\">                 Marie Castro, vice-pr\u00e9sidente de la r\u00e9gion Occitanie                                     <span class=\"article-full__media-author\">DR &#8211; DR<\/span>                             <\/figcaption><\/figure>\n<\/p><\/div>\n<p>360000 &euro;<br \/>Terrain de 6024 m\u00b2 \u00e0 Montauban   Secteur Cours Foucault en zone UE2 du Plan[&#8230;]<br \/>549000 &euro;<br \/>Ce bel Immeuble situ\u00e9 dans un Faubourg du centre ville de Montauban propose[&#8230;]<br \/>70850 &euro;<br \/>Terrain de 1193 m\u00b2 \u00e0 Montauban   Secteur Cours Foucault en zone UE2 du Plan[&#8230;]<br \/>J&rsquo;ai d\u00e9j\u00e0 un compte<br \/>Je n&rsquo;ai pas de compte<br \/>Souhaitez-vous recevoir une notification lors de la r\u00e9ponse d\u2019un(e) internaute \u00e0 votre commentaire ?<\/p>\n<p><a href=\"https:\/\/www.ladepeche.fr\/2021\/10\/25\/montauban-salon-taf-trouver-un-emploi-une-formation-et-des-contacts-professionnels-9890252.php\">source<\/a><\/p>\n<!--CusAds0-->\n<div style=\"font-size: 0px; height: 0px; line-height: 0px; margin: 0; padding: 0; clear: both;\"><\/div>","protected":false},"excerpt":{"rendered":"<p>l&rsquo;essentiel Mardi commence la premi\u00e8re \u00e9dition du salon TAF organis\u00e9 par la R\u00e9gion Occitanie en partenariat avec P\u00f4le Emploi, la Mission locale et le Grand Montauban. L&rsquo;occasion d&rsquo;un entretien avec Marie Castro, vice-pr\u00e9sidente de la R\u00e9gion en charge de la formation professionnelle. Cr\u00e9\u00e9s par la R\u00e9gion et ouvert \u00e0 tous les publics, les salons TAF [&hellip;]<\/p>\n","protected":false},"author":1,"featured_media":0,"comment_status":"open","ping_status":"open","sticky":false,"template":"","format":"standard","meta":{"googlesitekit_rrm_CAow1sXXCw:productID":"","_jetpack_memberships_contains_paid_content":false,"footnotes":"","jetpack_publicize_message":"","jetpack_publicize_feature_enabled":true,"jetpack_social_post_already_shared":false,"jetpack_social_options":{"image_generator_settings":{"template":"highway","default_image_id":0,"font":"","enabled":false},"version":2}},"categories":[1],"tags":[],"class_list":["post-410","post","type-post","status-publish","format-standard","hentry","category-non-classe"],"jetpack_publicize_connections":[],"jetpack_featured_media_url":"","jetpack_sharing_enabled":true,"_links":{"self":[{"href":"https:\/\/monblogeur.tech\/index.php\/wp-json\/wp\/v2\/posts\/410","targetHints":{"allow":["GET"]}}],"collection":[{"href":"https:\/\/monblogeur.tech\/index.php\/wp-json\/wp\/v2\/posts"}],"about":[{"href":"https:\/\/monblogeur.tech\/index.php\/wp-json\/wp\/v2\/types\/post"}],"author":[{"embeddable":true,"href":"https:\/\/monblogeur.tech\/index.php\/wp-json\/wp\/v2\/users\/1"}],"replies":[{"embeddable":true,"href":"https:\/\/monblogeur.tech\/index.php\/wp-json\/wp\/v2\/comments?post=410"}],"version-history":[{"count":0,"href":"https:\/\/monblogeur.tech\/index.php\/wp-json\/wp\/v2\/posts\/410\/revisions"}],"wp:attachment":[{"href":"https:\/\/monblogeur.tech\/index.php\/wp-json\/wp\/v2\/media?parent=410"}],"wp:term":[{"taxonomy":"category","embeddable":true,"href":"https:\/\/monblogeur.tech\/index.php\/wp-json\/wp\/v2\/categories?post=410"},{"taxonomy":"post_tag","embeddable":true,"href":"https:\/\/monblogeur.tech\/index.php\/wp-json\/wp\/v2\/tags?post=410"}],"curies":[{"name":"wp","href":"https:\/\/api.w.org\/{rel}","templated":true}]}}