{"id":418,"date":"2021-11-17T04:46:00","date_gmt":"2021-11-17T03:46:00","guid":{"rendered":"https:\/\/monblogeur.tech\/index.php\/2021\/11\/17\/formation-metiers-33e-forum-au-lycee-jean-xxiii-ville-des-herbiers\/"},"modified":"2021-11-17T04:46:00","modified_gmt":"2021-11-17T03:46:00","slug":"formation-metiers-33e-forum-au-lycee-jean-xxiii-ville-des-herbiers","status":"publish","type":"post","link":"https:\/\/monblogeur.tech\/index.php\/2021\/11\/17\/formation-metiers-33e-forum-au-lycee-jean-xxiii-ville-des-herbiers\/","title":{"rendered":"formation, m\u00e9tiers : 33e forum au lyc\u00e9e Jean-XXIII &#8211; Ville des Herbiers"},"content":{"rendered":"<div class=\"cfbc967f0983488262956e73eca9483a\" data-index=\"1\" style=\"float: none; margin:10px 0 10px 0; text-align:center;\">\n<script async src=\"https:\/\/pagead2.googlesyndication.com\/pagead\/js\/adsbygoogle.js?client=ca-pub-3859091246952232\" crossorigin=\"anonymous\"><\/script>\r\n<!-- blok -->\r\n<ins class=\"adsbygoogle\" data-ad-client=\"ca-pub-3859091246952232\" data-ad-slot=\"1334354390\"><\/ins>\r\n<script>\r\n     (adsbygoogle = window.adsbygoogle || []).push({});\r\n<\/script>\r\n\n<\/div>\n<p> Ce samedi 20 novembre, le 33e forum des m\u00e9tiers et des formations organis\u00e9 au lyc\u00e9e Jean-XXIII permettra aux coll\u00e9giens et lyc\u00e9ens de s&rsquo;informer assez largement dans le cadre de leur orientation. <br \/>  Thierry Guesdon, Ga\u00ebtan Vrignon et Andr\u00e9 R\u00e9veiller, les directeurs des trois \u00e9tablissements partenaires de ce 33e Forum des m\u00e9tiers et des formations.    <br \/>Si le premier trimestre de l&#039;ann&eacute;e scolaire est &agrave; peine achev&eacute;, les regards sont d&eacute;j&agrave; tourn&eacute;s pour bon nombre d&#039;&eacute;l&egrave;ves vers leur futur orientation.<\/p>\n<p> Au lyc&eacute;e, on demande tr&egrave;s rapidement aux &eacute;l&egrave;ves de Seconde de se d&eacute;terminer sur leur sp&eacute;cialit&eacute; de Premi&egrave;re. D&#039;un autre c&ocirc;t&eacute;, les coll&eacute;giens ne vont plus n&eacute;cessairement dans la fili&egrave;re g&eacute;n&eacute;rale et sont de plus en plus nombreux &agrave; s&#039;engager dans l&#039;enseignement professionnel, signe d&#039;un regain d&#039;attrait pour l&#039;apprentissage.<\/p>\n<p> Autant de signaux qui d&eacute;montrent tout l&#039;importance du forum des m&eacute;tiers et des formations du lyc&eacute;e Jean-XXIII depuis plus de 30 ans. Organis&eacute; en partenariat avec les coll&egrave;ges Jean-Yole des Herbiers et Saint-Nicolas de Tiffauges, il se d&eacute;roulera cette ann&eacute;e le samedi 20 novembre de 9h &agrave; 12h et concerne les lyc&eacute;ens mais aussi les coll&eacute;giens d&egrave;s la 4e et concerne environ 1000 &eacute;l&egrave;ves.<\/p>\n<p> <em>\u00ab\u00a0Il y a aura bien s&ucirc;r toutes formations du r&eacute;seau, des bac pro &agrave; l&#039;enseignement sup&eacute;rieur. Mais aussi de nombreux professionnels, environ 30 &agrave; 40, venus pr&eacute;senter leur m&eacute;tier<\/em>\u00ab\u00a0, rappelle Ga&euml;tan Vrignon, directeur du lyc&eacute;e qui pr&eacute;cise que \u00ab\u00a0<em>la sp&eacute;cificit&eacute; du forum du lyc&eacute;e Jean-XXIII est que les intervenants sont souvent du territoire<\/em>\u00ab\u00a0.<\/p>\n<p> En effet, bon nombre d&#039;&eacute;tudiants venus assurer la promotion de leur &eacute;cole sont des anciens &eacute;l&egrave;ves de Jean-XXIII. Un attachement qui se v&eacute;rifie aussi du c&ocirc;t&eacute; des professionnels qui pour un bon nombre ont arpent&eacute; les couloirs de l&#039;ancien petit s&eacute;minaire. <em>\u00ab\u00a0Ce lien direct avec les professionnels et les &eacute;tudiants, vous ne trouvez pas ailleurs\u00a0\u00bb<\/em>, note Thierry Guesdon, directeur du coll&egrave;ge Jean-Yole.<\/p>\n<p> <em>\u00ab\u00a0C&#039;est aussi l&#039;un des seuls moments o&ugrave; &eacute;l&egrave;ves et parents sont pr&eacute;sents en m&ecirc;me temps et ont la m&ecirc;me information. C&#039;est tr&egrave;s important &agrave; l&#039;heure d&#039;envisager une formation ou un m&eacute;tier<\/em>\u00ab\u00a0, explique Andr&eacute; R&eacute;veiller, directeur du coll&egrave;ge Saint-Nicolas.<\/p>\n<p> Trois tables-rondes sont programm&eacute;es dans la matin&eacute;e et se d&eacute;rouleront dans l&#039;amphith&eacute;&acirc;tre de l&#039;ISCV : les m&eacute;tiers de l&#039;industrie, les m&eacute;tiers de la sant&eacute; et les m&eacute;tiers de l&#039;environnement.<\/p>\n<p> <em>\u00ab\u00a0Dans un monde o&ugrave; l&#039;on va changer de m&eacute;tier plus fr&eacute;quemment, il est important de s&#039;ouvrir &agrave; tous les possibilit&eacute;s. C&#039;est l&#039;occasion de voir le lyc&eacute;e comme le commencement d&#039;un nouveau cycle d&#039;apprentissage<\/em>\u00ab\u00a0, conclut Ga&euml;tan Vrignon.<\/p>\n<p> <strong>33e forum des m&eacute;tiers et des formations<\/strong><\/p>\n<p> &nbsp;<br \/>  1000 \u00e9l\u00e8ves sont attendus au forum des m\u00e9tiers et des formations ce samedi 20 novembre.    <br \/>A quelques heures des vacances d&rsquo;automne, les \u00e9coliers et coll\u00e9giens, du public et du priv\u00e9, ont profit\u00e9 d&rsquo;une journ\u00e9e ensoleill\u00e9e pour le retour de leur cross.<\/p>\n<p>\u00ab Donner le go\u00fbt de la lecture aux enfants \u00bb, tel est l\u2019objectif des \u00ab\u00a0mots font des histoires\u00a0\u00bb, organis\u00e9e depuis des ann\u00e9es \u00e0 l&rsquo;\u00e9cole de la M\u00e9tairie. Cette ann\u00e9e, les \u00e9coliers ont rencontr\u00e9 Fran\u00e7oise de Guibert, auteure jeunesse, qui a expliqu\u00e9 son m\u00e9tier, invit\u00e9 les enfants \u00e0 comprendre son travail autour d&rsquo;ateliers, avant une s\u00e9ance de d\u00e9dicaces.                                                              <\/p>\n<p>Les 430 CM1 et CM2 des Herbiers \u00e9taient appel\u00e9s aux urnes pour \u00e9lire les 32 \u00e9lus du Conseil municipal des enfants la semaine derni\u00e8re. Le nouveau CME sera install\u00e9 officiellement ce jeudi 14 octobre \u00e0 l&rsquo;h\u00f4tel des communes en pr\u00e9sence du maire, V\u00e9ronique Besse.<\/p>\n<p>  \t\t   \t\t\t<label for=\"searchTagActu\">Rechercher<\/label>  \t\t   \t\t\t  \t\t   \t\t<br \/>  \t\t   \t\t\t<label for=\"dateStart\">Date de d\u00e9but (jj\/mm\/aaaa)<\/label>  \t\t   \t\t\t  \t\t   \t\t<br \/>  \t\t   \t\t\t<label for=\"dateEnd\">Date de fin (jj\/mm\/aaaa)<\/label>  \t\t   \t\t\t  \t\t   \t\t<\/p>\n<p><a class=\"LinkIn version-en\" href=\"#\" title=\"English version\"><span>English version<\/span><\/a><br \/><span>18\/11<\/span><a href=\"\/sortir\/agenda\/event-20932-theatre-le-syndrome-du-banc-de-touche.html\" class=\"LinkIn\">Th\u00e9\u00e2tre : Le syndr\u00f4me du banc de touche<\/a><br \/><span>19\/11<\/span><a href=\"\/sortir\/agenda\/event-20949-theatre-le-petit-coiffeur.html\" class=\"LinkIn\">Th\u00e9\u00e2tre : le petit coiffeur<\/a><br \/><span>20\/11<\/span><a href=\"\/sortir\/agenda\/event-21270-karate-championnat-de-vendee-kata.html\" class=\"LinkIn\">Karat\u00e9  : Championnat de Vend\u00e9e Kata<\/a><br \/><span>20\/11<\/span><a href=\"\/sortir\/agenda\/event-21232-portes-ouvertes-des-pompiers.html\" class=\"LinkIn\">Portes ouvertes des pompiers<\/a><br \/><span>20\/11<\/span><a href=\"\/sortir\/agenda\/event-21108-foot-n2-les-herbiers---le-puy-en-velay.html\" class=\"LinkIn\">Foot (N2) : Les Herbiers &#8211; Le Puy-en-Velay<\/a><br \/><span>21\/11<\/span><a href=\"\/sortir\/agenda\/event-21246-balade-d-automne-des-riverains-de-la-grande-maine.html\" class=\"LinkIn\">Balade d&rsquo;automne des riverains de la Grande Maine<\/a><br \/><span>21\/11<\/span><a href=\"\/sortir\/agenda\/event-20859-dimanche-shopping-salon-de-la-vente-a-domicile.html\" class=\"LinkIn\">Dimanche Shopping : Salon de la vente \u00e0 domicile<\/a><br \/><span>23\/11<\/span><a href=\"\/sortir\/agenda\/event-21217-cine-retraites-antoinette-dans-les-cevennes.html\" class=\"LinkIn\">Cin\u00e9-retrait\u00e9s : \u00ab\u00a0Antoinette dans les Cevennes\u00a0\u00bb<\/a><br \/><span>25\/11<\/span><a href=\"\/sortir\/agenda\/event-21216-assemblee-generale-de-l-oms.html\" class=\"LinkIn\">Assembl\u00e9e g\u00e9n\u00e9rale de l&rsquo;OMS<\/a><br \/><span>25\/11<\/span><a href=\"\/sortir\/agenda\/event-21221-assemblee-generale-des-assistantes-maternelles.html\" class=\"LinkIn\">Assembl\u00e9e g\u00e9n\u00e9rale des assistantes maternelles<\/a><br \/><span>26\/11<\/span><a href=\"\/sortir\/agenda\/event-21231-tournoi-de-billard-anglais-blackball.html\" class=\"LinkIn\">Tournoi de billard anglais (Blackball)<\/a><br \/><span>26\/11<\/span><a href=\"\/sortir\/agenda\/event-20947-musique-victor-solf.html\" class=\"LinkIn\">Musique : Victor Solf<\/a><br \/><span>27\/11<\/span><a href=\"\/sortir\/agenda\/event-21129-assemblee-generale-de-melusine.html\" class=\"LinkIn\">Assembl\u00e9e g\u00e9n\u00e9rale de M\u00e9lusine<\/a><br \/><span>27\/11<\/span><a href=\"\/sortir\/agenda\/event-21161-sainte-barbe-des-pompiers.html\" class=\"LinkIn\">Sainte-Barbe des pompiers<\/a><br \/><span>29\/11<\/span><a href=\"\/sortir\/agenda\/event-21218-groupe-de-parole-aide-aux-aidants.html\" class=\"LinkIn\">Groupe de parole \u00ab\u00a0aide aux aidants\u00a0\u00bb<\/a><br \/><span>30\/11<\/span><a href=\"\/sortir\/agenda\/event-20437-conference-les-jardins-de-la-vendee-au-fil-de.html\" class=\"LinkIn\">Conf\u00e9rence \u00ab\u00a0Les Jardins de la Vend\u00e9e au fil de&#8230;<\/a><br \/><span>03\/12<\/span><a href=\"\/sortir\/agenda\/event-21273-telethon.html\" class=\"LinkIn\">T\u00e9l\u00e9thon<\/a><br \/><span>03\/12<\/span><a href=\"\/sortir\/agenda\/event-21163-assemblee-generale-du-cyclo-tourisme.html\" class=\"LinkIn\">Assembl\u00e9e g\u00e9n\u00e9rale du Cyclo tourisme&#8230;<\/a><br \/><span>04\/12<\/span><a href=\"\/sortir\/agenda\/event-21230-annulE-championnat-regional-des-oiseaux.html\" class=\"LinkIn\">ANNUL\u00c9 \/ Championnat r\u00e9gional des Oiseaux<\/a><br \/><span>04\/12<\/span><a href=\"\/sortir\/agenda\/event-21289-parade-de-noel.html\" class=\"LinkIn\">Parade de No\u00ebl<\/a><br \/><span>05\/12<\/span><a href=\"\/sortir\/agenda\/event-21202-marche-audax-175-et-25-km.html\" class=\"LinkIn\">Marche Audax 17,5 et 25 km<\/a><br \/><span>05\/12<\/span><a href=\"\/sortir\/agenda\/event-20934-musique-pierre-et-le-loup.html\" class=\"LinkIn\">Musique : Pierre et le loup<\/a><br \/><span>10\/12<\/span><a href=\"\/sortir\/agenda\/event-20935-annulE-theatre-musical-la-vie-parisienne.html\" class=\"LinkIn\">ANNUL\u00c9 \/ Th\u00e9\u00e2tre Musical : La vie parisienne<\/a><br \/><span>11\/12<\/span><a href=\"\/sortir\/agenda\/event-21219-assemblee-generale-de-la-gaule-herbretaise.html\" class=\"LinkIn\">Assembl\u00e9e g\u00e9n\u00e9rale de la Gaule Herbretaise<\/a><br \/><span>11\/12<\/span><a href=\"\/sortir\/agenda\/event-21292-hand-n3f-les-herbiers---la-roche.html\" class=\"LinkIn\">Hand (N3F) : Les Herbiers &#8211; La Roche<\/a><br \/><span>13\/12<\/span><a href=\"\/sortir\/agenda\/event-20612-conseil-municipal.html\" class=\"LinkIn\">Conseil municipal<\/a><br \/><span>16\/12<\/span><a href=\"\/sortir\/agenda\/event-21286-concert-de-noel-de-l-ecole-de-musique.html\" class=\"LinkIn\">Concert de No\u00ebl de l&rsquo;\u00e9cole de musique<\/a><br \/><span>18\/12<\/span><a href=\"\/sortir\/agenda\/event-21211-ultra-trail-les-herbiers-original-trail-hot.html\" class=\"LinkIn\">Ultra-trail : Les Herbiers Original Trail (HOT)<\/a><br \/><span>19\/12<\/span><a href=\"\/sortir\/agenda\/event-21212-les-courses-du-pere-noel.html\" class=\"LinkIn\">Les courses du P\u00e8re No\u00ebl<\/a><br \/><span>31\/12<\/span><a href=\"\/sortir\/agenda\/event-21291-reveillon-de-la-fraternite.html\" class=\"LinkIn\">R\u00e9veillon de la Fraternit\u00e9<\/a><br \/><span>11\/01<\/span><a href=\"\/sortir\/agenda\/event-20936-theatre-le-voyage-de-moliere.html\" class=\"LinkIn\">Th\u00e9\u00e2tre : le voyage de Moli\u00e8re<\/a><br \/><span>15\/01<\/span><a href=\"\/sortir\/agenda\/event-21109-foot-n2-les-herbiers---montpellier.html\" class=\"LinkIn\">Foot (N2) : Les Herbiers &#8211; Montpellier<\/a><br \/><span>18\/01<\/span><a href=\"\/sortir\/agenda\/event-20108-theatre-la-valse-d-icare.html\" class=\"LinkIn\">Th\u00e9\u00e2tre : La valse d&rsquo;Icare<\/a><br \/><span>25\/01<\/span><a href=\"\/sortir\/agenda\/event-21094-conference-moliere-a-l-oeuvre.html\" class=\"LinkIn\">Conf\u00e9rence \u00ab\u00a0Moli\u00e8re \u00e0 l&rsquo;oeuvre\u00a0\u00bb<\/a><br \/><span>28\/01<\/span><a href=\"\/sortir\/agenda\/event-20937-musique-electro-deluxe.html\" class=\"LinkIn\">Musique : Electro Deluxe<\/a><br \/><span>02\/02<\/span><a href=\"\/sortir\/agenda\/event-20938-magie-jeune-public-l-apprenti-magicien.html\" class=\"LinkIn\">Magie (jeune public) : L&rsquo;apprenti magicien<\/a><br \/><span>05\/02<\/span><a href=\"\/sortir\/agenda\/event-21110-foot-n2-les-herbiers---colomiers.html\" class=\"LinkIn\">Foot (N2) : Les Herbiers &#8211; Colomiers<\/a><br \/><span>07\/02<\/span><a href=\"\/sortir\/agenda\/event-21276-conseil-municipal.html\" class=\"LinkIn\">Conseil municipal<\/a><br \/><span>19\/02<\/span><a href=\"\/sortir\/agenda\/event-21111-foot-n2-les-herbiers---canet-en-roussillon.html\" class=\"LinkIn\">Foot (N2) : Les Herbiers &#8211; Canet-en-Roussillon<\/a><br \/><span>22\/02<\/span><a href=\"\/sortir\/agenda\/event-20939-cirque-la-nuit-du-cerf-par-le-cirque-leroux.html\" class=\"LinkIn\">Cirque : La nuit du cerf par le Cirque Leroux<\/a><br \/><span>25\/02<\/span><a href=\"\/sortir\/agenda\/event-20940-musique-emile-parisien-4tet.html\" class=\"LinkIn\">Musique : Emile Parisien 4tet<\/a><br \/><span>01\/03<\/span><a href=\"\/sortir\/agenda\/event-20948-humour-l-amour-de-berengere-krief.html\" class=\"LinkIn\">Humour : l&rsquo;Amour de B\u00e9reng\u00e8re Krief<\/a><br \/><span>08\/03<\/span><a href=\"\/sortir\/agenda\/event-20943-danse-r1r2-start.html\" class=\"LinkIn\">Danse : R1R2 Start<\/a><br \/><span>12\/03<\/span><a href=\"\/sortir\/agenda\/event-21112-foot-n2-les-herbiers---trelissac.html\" class=\"LinkIn\">Foot (N2) : Les Herbiers &#8211; Tr\u00e9lissac<\/a><br \/><span>15\/03<\/span><a href=\"\/sortir\/agenda\/event-21095-conference-lart-du-portrait-a-lepoque.html\" class=\"LinkIn\">Conf\u00e9rence \u00ab\u00a0L\u2019art du portrait \u00e0 l\u2019\u00e9poque&#8230;<\/a><br \/><span>22\/03<\/span><a href=\"\/sortir\/agenda\/event-20946-theatre-boeing-boeing.html\" class=\"LinkIn\">Th\u00e9\u00e2tre : Boeing Boeing<\/a><br \/><span>26\/03<\/span><a href=\"\/sortir\/agenda\/event-21113-foot-n2-les-herbiers---beziers.html\" class=\"LinkIn\">Foot (N2) : Les Herbiers &#8211; B\u00e9ziers<\/a><br \/><span>29\/03<\/span><a href=\"\/sortir\/agenda\/event-20942-theatre-les-voyageurs-du-crime.html\" class=\"LinkIn\">Th\u00e9\u00e2tre : Les voyageurs du crime<\/a><br \/><span>03\/04<\/span><a href=\"\/sortir\/agenda\/event-20941-theatre-les-trois-mousquetaires.html\" class=\"LinkIn\">Th\u00e9\u00e2tre : Les Trois Mousquetaires<\/a><br \/><span>04\/04<\/span><a href=\"\/sortir\/agenda\/event-21277-conseil-municipal.html\" class=\"LinkIn\">Conseil municipal<\/a><br \/><span>16\/04<\/span><a href=\"\/sortir\/agenda\/event-21114-foot-n2-les-herbiers---bourges.html\" class=\"LinkIn\">Foot (N2) : Les Herbiers &#8211; Bourges<\/a><br \/><span>29\/04<\/span><a href=\"\/sortir\/agenda\/event-20945-theatre-cowboy-ou-indien.html\" class=\"LinkIn\">Th\u00e9\u00e2tre : Cowboy ou indien ?<\/a><br \/><span>30\/04<\/span><a href=\"\/sortir\/agenda\/event-21115-foot-n2-les-herbiers---angers-sco.html\" class=\"LinkIn\">Foot (N2) : Les Herbiers &#8211; Angers SCO<\/a><br \/><span>03\/05<\/span><a href=\"\/sortir\/agenda\/event-21096-conference-la-nature-fantasmee-des.html\" class=\"LinkIn\">Conf\u00e9rence \u00ab\u00a0La nature fantasm\u00e9e des&#8230;<\/a><br \/><span>13\/05<\/span><a href=\"\/sortir\/agenda\/event-20944-theatre-le-diner-de-cons.html\" class=\"LinkIn\">Th\u00e9\u00e2tre : Le d\u00eener de cons<\/a><br \/><span>14\/05<\/span><a href=\"\/sortir\/agenda\/event-21116-foot-n2-les-herbiers---bergerac.html\" class=\"LinkIn\">Foot (N2) : Les Herbiers &#8211; Bergerac<\/a><br \/><span>28\/05<\/span><a href=\"\/sortir\/agenda\/event-21117-foot-n2-les-herbiers---chamalieres.html\" class=\"LinkIn\">Foot (N2) : Les Herbiers &#8211; Chamali\u00e8res<\/a><br \/><span>09\/06<\/span><a href=\"\/sortir\/agenda\/event-21236-soiree-humanitaire-des-3e-du-college-jean-yole.html\" class=\"LinkIn\">Soir\u00e9e humanitaire des 3e du coll\u00e8ge Jean Yole<\/a><br \/><span>27\/06<\/span><a href=\"\/sortir\/agenda\/event-21278-conseil-municipal.html\" class=\"LinkIn\">Conseil municipal<\/a><br \/><span>26\/09<\/span><a href=\"\/sortir\/agenda\/event-21279-conseil-municipal.html\" class=\"LinkIn\">Conseil municipal<\/a><br \/><span>12\/12<\/span><a href=\"\/sortir\/agenda\/event-21280-conseil-municipal.html\" class=\"LinkIn\">Conseil municipal<\/a><br \/><span>18\/11<\/span><a href=\"\/sortir\/agenda\/event-20932-theatre-le-syndrome-du-banc-de-touche.html\" class=\"LinkIn\">Th\u00e9\u00e2tre : Le syndr\u00f4me du banc de touche<\/a><br \/><span>19\/11<\/span><a href=\"\/sortir\/agenda\/event-20949-theatre-le-petit-coiffeur.html\" class=\"LinkIn\">Th\u00e9\u00e2tre : le petit coiffeur<\/a><br \/><span>23\/11<\/span><a href=\"\/sortir\/agenda\/event-21217-cine-retraites-antoinette-dans-les-cevennes.html\" class=\"LinkIn\">Cin\u00e9-retrait\u00e9s : \u00ab\u00a0Antoinette dans les Cevennes\u00a0\u00bb<\/a><br \/><span>26\/11<\/span><a href=\"\/sortir\/agenda\/event-20947-musique-victor-solf.html\" class=\"LinkIn\">Musique : Victor Solf<\/a><br \/><span>30\/11<\/span><a href=\"\/sortir\/agenda\/event-20437-conference-les-jardins-de-la-vendee-au-fil-de.html\" class=\"LinkIn\">Conf\u00e9rence \u00ab\u00a0Les Jardins de la Vend\u00e9e au fil de&#8230;<\/a><br \/><span>05\/12<\/span><a href=\"\/sortir\/agenda\/event-20934-musique-pierre-et-le-loup.html\" class=\"LinkIn\">Musique : Pierre et le loup<\/a><br \/><span>10\/12<\/span><a href=\"\/sortir\/agenda\/event-20935-annulE-theatre-musical-la-vie-parisienne.html\" class=\"LinkIn\">ANNUL\u00c9 \/ Th\u00e9\u00e2tre Musical : La vie parisienne<\/a><br \/><span>16\/12<\/span><a href=\"\/sortir\/agenda\/event-21286-concert-de-noel-de-l-ecole-de-musique.html\" class=\"LinkIn\">Concert de No\u00ebl de l&rsquo;\u00e9cole de musique<\/a><br \/><span>11\/01<\/span><a href=\"\/sortir\/agenda\/event-20936-theatre-le-voyage-de-moliere.html\" class=\"LinkIn\">Th\u00e9\u00e2tre : le voyage de Moli\u00e8re<\/a><br \/><span>18\/01<\/span><a href=\"\/sortir\/agenda\/event-20108-theatre-la-valse-d-icare.html\" class=\"LinkIn\">Th\u00e9\u00e2tre : La valse d&rsquo;Icare<\/a><br \/><span>25\/01<\/span><a href=\"\/sortir\/agenda\/event-21094-conference-moliere-a-l-oeuvre.html\" class=\"LinkIn\">Conf\u00e9rence \u00ab\u00a0Moli\u00e8re \u00e0 l&rsquo;oeuvre\u00a0\u00bb<\/a><br \/><span>28\/01<\/span><a href=\"\/sortir\/agenda\/event-20937-musique-electro-deluxe.html\" class=\"LinkIn\">Musique : Electro Deluxe<\/a><br \/><span>02\/02<\/span><a href=\"\/sortir\/agenda\/event-20938-magie-jeune-public-l-apprenti-magicien.html\" class=\"LinkIn\">Magie (jeune public) : L&rsquo;apprenti magicien<\/a><br \/><span>22\/02<\/span><a href=\"\/sortir\/agenda\/event-20939-cirque-la-nuit-du-cerf-par-le-cirque-leroux.html\" class=\"LinkIn\">Cirque : La nuit du cerf par le Cirque Leroux<\/a><br \/><span>25\/02<\/span><a href=\"\/sortir\/agenda\/event-20940-musique-emile-parisien-4tet.html\" class=\"LinkIn\">Musique : Emile Parisien 4tet<\/a><br \/><span>01\/03<\/span><a href=\"\/sortir\/agenda\/event-20948-humour-l-amour-de-berengere-krief.html\" class=\"LinkIn\">Humour : l&rsquo;Amour de B\u00e9reng\u00e8re Krief<\/a><br \/><span>08\/03<\/span><a href=\"\/sortir\/agenda\/event-20943-danse-r1r2-start.html\" class=\"LinkIn\">Danse : R1R2 Start<\/a><br \/><span>15\/03<\/span><a href=\"\/sortir\/agenda\/event-21095-conference-lart-du-portrait-a-lepoque.html\" class=\"LinkIn\">Conf\u00e9rence \u00ab\u00a0L\u2019art du portrait \u00e0 l\u2019\u00e9poque&#8230;<\/a><br \/><span>22\/03<\/span><a href=\"\/sortir\/agenda\/event-20946-theatre-boeing-boeing.html\" class=\"LinkIn\">Th\u00e9\u00e2tre : Boeing Boeing<\/a><br \/><span>29\/03<\/span><a href=\"\/sortir\/agenda\/event-20942-theatre-les-voyageurs-du-crime.html\" class=\"LinkIn\">Th\u00e9\u00e2tre : Les voyageurs du crime<\/a><br \/><span>03\/04<\/span><a href=\"\/sortir\/agenda\/event-20941-theatre-les-trois-mousquetaires.html\" class=\"LinkIn\">Th\u00e9\u00e2tre : Les Trois Mousquetaires<\/a><br \/><span>29\/04<\/span><a href=\"\/sortir\/agenda\/event-20945-theatre-cowboy-ou-indien.html\" class=\"LinkIn\">Th\u00e9\u00e2tre : Cowboy ou indien ?<\/a><br \/><span>03\/05<\/span><a href=\"\/sortir\/agenda\/event-21096-conference-la-nature-fantasmee-des.html\" class=\"LinkIn\">Conf\u00e9rence \u00ab\u00a0La nature fantasm\u00e9e des&#8230;<\/a><br \/><span>13\/05<\/span><a href=\"\/sortir\/agenda\/event-20944-theatre-le-diner-de-cons.html\" class=\"LinkIn\">Th\u00e9\u00e2tre : Le d\u00eener de cons<\/a><br \/><span>20\/11<\/span><a href=\"\/sortir\/agenda\/event-21270-karate-championnat-de-vendee-kata.html\" class=\"LinkIn\">Karat\u00e9  : Championnat de Vend\u00e9e Kata<\/a><br \/><span>20\/11<\/span><a href=\"\/sortir\/agenda\/event-21108-foot-n2-les-herbiers---le-puy-en-velay.html\" class=\"LinkIn\">Foot (N2) : Les Herbiers &#8211; Le Puy-en-Velay<\/a><br \/><span>25\/11<\/span><a href=\"\/sortir\/agenda\/event-21216-assemblee-generale-de-l-oms.html\" class=\"LinkIn\">Assembl\u00e9e g\u00e9n\u00e9rale de l&rsquo;OMS<\/a><br \/><span>26\/11<\/span><a href=\"\/sortir\/agenda\/event-21231-tournoi-de-billard-anglais-blackball.html\" class=\"LinkIn\">Tournoi de billard anglais (Blackball)<\/a><br \/><span>03\/12<\/span><a href=\"\/sortir\/agenda\/event-21163-assemblee-generale-du-cyclo-tourisme.html\" class=\"LinkIn\">Assembl\u00e9e g\u00e9n\u00e9rale du Cyclo tourisme&#8230;<\/a><br \/><span>05\/12<\/span><a href=\"\/sortir\/agenda\/event-21202-marche-audax-175-et-25-km.html\" class=\"LinkIn\">Marche Audax 17,5 et 25 km<\/a><br \/><span>11\/12<\/span><a href=\"\/sortir\/agenda\/event-21292-hand-n3f-les-herbiers---la-roche.html\" class=\"LinkIn\">Hand (N3F) : Les Herbiers &#8211; La Roche<\/a><br \/><span>18\/12<\/span><a href=\"\/sortir\/agenda\/event-21211-ultra-trail-les-herbiers-original-trail-hot.html\" class=\"LinkIn\">Ultra-trail : Les Herbiers Original Trail (HOT)<\/a><br \/><span>19\/12<\/span><a href=\"\/sortir\/agenda\/event-21212-les-courses-du-pere-noel.html\" class=\"LinkIn\">Les courses du P\u00e8re No\u00ebl<\/a><br \/><span>15\/01<\/span><a href=\"\/sortir\/agenda\/event-21109-foot-n2-les-herbiers---montpellier.html\" class=\"LinkIn\">Foot (N2) : Les Herbiers &#8211; Montpellier<\/a><br \/><span>05\/02<\/span><a href=\"\/sortir\/agenda\/event-21110-foot-n2-les-herbiers---colomiers.html\" class=\"LinkIn\">Foot (N2) : Les Herbiers &#8211; Colomiers<\/a><br \/><span>19\/02<\/span><a href=\"\/sortir\/agenda\/event-21111-foot-n2-les-herbiers---canet-en-roussillon.html\" class=\"LinkIn\">Foot (N2) : Les Herbiers &#8211; Canet-en-Roussillon<\/a><br \/><span>12\/03<\/span><a href=\"\/sortir\/agenda\/event-21112-foot-n2-les-herbiers---trelissac.html\" class=\"LinkIn\">Foot (N2) : Les Herbiers &#8211; Tr\u00e9lissac<\/a><br \/><span>26\/03<\/span><a href=\"\/sortir\/agenda\/event-21113-foot-n2-les-herbiers---beziers.html\" class=\"LinkIn\">Foot (N2) : Les Herbiers &#8211; B\u00e9ziers<\/a><br \/><span>16\/04<\/span><a href=\"\/sortir\/agenda\/event-21114-foot-n2-les-herbiers---bourges.html\" class=\"LinkIn\">Foot (N2) : Les Herbiers &#8211; Bourges<\/a><br \/><span>30\/04<\/span><a href=\"\/sortir\/agenda\/event-21115-foot-n2-les-herbiers---angers-sco.html\" class=\"LinkIn\">Foot (N2) : Les Herbiers &#8211; Angers SCO<\/a><br \/><span>14\/05<\/span><a href=\"\/sortir\/agenda\/event-21116-foot-n2-les-herbiers---bergerac.html\" class=\"LinkIn\">Foot (N2) : Les Herbiers &#8211; Bergerac<\/a><br \/><span>28\/05<\/span><a href=\"\/sortir\/agenda\/event-21117-foot-n2-les-herbiers---chamalieres.html\" class=\"LinkIn\">Foot (N2) : Les Herbiers &#8211; Chamali\u00e8res<\/a><br \/><span>20\/11<\/span><a href=\"\/sortir\/agenda\/event-21270-karate-championnat-de-vendee-kata.html\" class=\"LinkIn\">Karat\u00e9  : Championnat de Vend\u00e9e Kata<\/a><br \/><span>20\/11<\/span><a href=\"\/sortir\/agenda\/event-21232-portes-ouvertes-des-pompiers.html\" class=\"LinkIn\">Portes ouvertes des pompiers<\/a><br \/><span>21\/11<\/span><a href=\"\/sortir\/agenda\/event-21246-balade-d-automne-des-riverains-de-la-grande-maine.html\" class=\"LinkIn\">Balade d&rsquo;automne des riverains de la Grande Maine<\/a><br \/><span>21\/11<\/span><a href=\"\/sortir\/agenda\/event-20859-dimanche-shopping-salon-de-la-vente-a-domicile.html\" class=\"LinkIn\">Dimanche Shopping : Salon de la vente \u00e0 domicile<\/a><br \/><span>25\/11<\/span><a href=\"\/sortir\/agenda\/event-21216-assemblee-generale-de-l-oms.html\" class=\"LinkIn\">Assembl\u00e9e g\u00e9n\u00e9rale de l&rsquo;OMS<\/a><br \/><span>25\/11<\/span><a href=\"\/sortir\/agenda\/event-21221-assemblee-generale-des-assistantes-maternelles.html\" class=\"LinkIn\">Assembl\u00e9e g\u00e9n\u00e9rale des assistantes maternelles<\/a><br \/><span>26\/11<\/span><a href=\"\/sortir\/agenda\/event-21231-tournoi-de-billard-anglais-blackball.html\" class=\"LinkIn\">Tournoi de billard anglais (Blackball)<\/a><br \/><span>27\/11<\/span><a href=\"\/sortir\/agenda\/event-21129-assemblee-generale-de-melusine.html\" class=\"LinkIn\">Assembl\u00e9e g\u00e9n\u00e9rale de M\u00e9lusine<\/a><br \/><span>27\/11<\/span><a href=\"\/sortir\/agenda\/event-21161-sainte-barbe-des-pompiers.html\" class=\"LinkIn\">Sainte-Barbe des pompiers<\/a><br \/><span>29\/11<\/span><a href=\"\/sortir\/agenda\/event-21218-groupe-de-parole-aide-aux-aidants.html\" class=\"LinkIn\">Groupe de parole \u00ab\u00a0aide aux aidants\u00a0\u00bb<\/a><br \/><span>03\/12<\/span><a href=\"\/sortir\/agenda\/event-21273-telethon.html\" class=\"LinkIn\">T\u00e9l\u00e9thon<\/a><br \/><span>03\/12<\/span><a href=\"\/sortir\/agenda\/event-21163-assemblee-generale-du-cyclo-tourisme.html\" class=\"LinkIn\">Assembl\u00e9e g\u00e9n\u00e9rale du Cyclo tourisme&#8230;<\/a><br \/><span>04\/12<\/span><a href=\"\/sortir\/agenda\/event-21230-annulE-championnat-regional-des-oiseaux.html\" class=\"LinkIn\">ANNUL\u00c9 \/ Championnat r\u00e9gional des Oiseaux<\/a><br \/><span>04\/12<\/span><a href=\"\/sortir\/agenda\/event-21289-parade-de-noel.html\" class=\"LinkIn\">Parade de No\u00ebl<\/a><br \/><span>05\/12<\/span><a href=\"\/sortir\/agenda\/event-21202-marche-audax-175-et-25-km.html\" class=\"LinkIn\">Marche Audax 17,5 et 25 km<\/a><br \/><span>11\/12<\/span><a href=\"\/sortir\/agenda\/event-21219-assemblee-generale-de-la-gaule-herbretaise.html\" class=\"LinkIn\">Assembl\u00e9e g\u00e9n\u00e9rale de la Gaule Herbretaise<\/a><br \/><span>18\/12<\/span><a href=\"\/sortir\/agenda\/event-21211-ultra-trail-les-herbiers-original-trail-hot.html\" class=\"LinkIn\">Ultra-trail : Les Herbiers Original Trail (HOT)<\/a><br \/><span>19\/12<\/span><a href=\"\/sortir\/agenda\/event-21212-les-courses-du-pere-noel.html\" class=\"LinkIn\">Les courses du P\u00e8re No\u00ebl<\/a><br \/><span>31\/12<\/span><a href=\"\/sortir\/agenda\/event-21291-reveillon-de-la-fraternite.html\" class=\"LinkIn\">R\u00e9veillon de la Fraternit\u00e9<\/a><br \/><span>09\/06<\/span><a href=\"\/sortir\/agenda\/event-21236-soiree-humanitaire-des-3e-du-college-jean-yole.html\" class=\"LinkIn\">Soir\u00e9e humanitaire des 3e du coll\u00e8ge Jean Yole<\/a><br \/><a class=\"LinkIn advanced-search-link\" href=\"\/recherche-avancee\/\" title=\"Effectuer une recherche plus pr\u00e9cise\">Recherche avanc\u00e9e <strong>+<\/strong><\/a><br \/>  \t\t\t<a href=\"weatherforecast.html\" title=\"Pr\u00e9visions m\u00e9t\u00e9o\" class=\"LinkIn\">  \t\t\t<span>M&eacute;t&eacute;o<\/span>  \t\t\t<span>10\u00b0C<\/span>  \t\t\t<img decoding=\"async\" src=\"\/images\/weather\/26.png\" alt=\"Nuageux: 85-100%\" \/>  \t\t\t<\/a>  \t\t\t  \t\t<br \/> \t<a class=\"LinkOut icon-facebook\" href=\"http:\/\/www.facebook.com\/lesherbiers\"><span class=\"hide\">Les Herbiers sur Facebook<\/span><\/a> <a class=\"LinkOut icon-twitter\" href=\"http:\/\/twitter.com\/lesherbiers\"><span class=\"hide\">Les Herbiers sur Twitter<\/span><\/a> <a class=\"LinkOut icon-youtube\" href=\"http:\/\/www.youtube.com\/lesherbiers\" title=\"You tube\"><span class=\"hide\">Les Herbiers sur Youtube<\/span><\/a> <a class=\"LinkOut icon-flickr\" href=\"http:\/\/www.flickr.com\/photos\/85616576@N03\" title=\"flickr\"><span class=\"hide\">Les Herbiers sur Flickr<\/span><\/a> <a class=\"LinkIn icon-mail\" href=\"\/contactez-nous\/\" title=\"contact\"><span class=\"hide\">Formulaire de contact<\/span><\/a> <a class=\"LinkIn icon-calendrier\" href=\"\/sortir\/agenda\/\" title=\"agenda\"><span class=\"hide\">Agenda des manifestations<\/span><\/a><br \/> \t<a href=\"\/decouvrir\/plan-interactif\/\" title=\"Plan int\u00e9ractif\" class=\"LinkIn\">Plan<br \/> \tint&eacute;ractif<\/a><br \/><a href=\"https:\/\/familles.lesherbiers.fr\/\" target=\"_blank\" class=\"LinkOut\" rel=\"noopener\"><img decoding=\"async\" alt=\"banni\u00e8re Portail famille c\u00f4t\u00e9\" src=\"\/media\/portailfamille340x125__046766000_0950_18032019.jpg\" \/><\/a><br \/><a href=\"https:\/\/www.lesherbiers.fr\/y-vivre\/environnement\/eco-jardinage\/\" class=\"LinkIn\"><img decoding=\"async\" alt=\"banni\u00e8re villes fleuries\" src=\"\/media\/0issoirevillefleurie3fleurs__017719700_1045_13032017.jpg\" \/><\/a><br \/><a href=\"https:\/\/www.lesherbiers.fr\/actualites\/16100-les-herbiers-ville-active-et-sportive.html\" class=\"LinkIn\"><img decoding=\"async\" alt=\"banni\u00e8re ville sportive\" src=\"\/media\/ville_active_et_sportive__083110900_1427_17082017.jpg\" \/><\/a><br \/><a href=\"https:\/\/sites.google.com\/site\/villessportivesenpaysdelaloire\/home\" target=\"_blank\" class=\"LinkOut\" rel=\"noopener\"><img decoding=\"async\" alt=\"banni&egrave;re ville sportive 4 flammes\" src=\"\/media\/banniegravere_ville_sportive_4_flammes.png\" \/><\/a><\/p>\n<p>Le centre de secours des Herbiers ouvre ses portes ce samedi 20 novembre. Une belle occasion de&#8230;<br \/><a href=\"\/actualites\/21298-le-20-novembre-c-est-portes-ouvertes-chez-les-pompiers.html\" title=\"Le 20 novembre, c'est portes ouvertes chez les pompiers\" class=\"LinkIn widgetLastElementsLink\"><span>Lire la suite<\/span><\/a><\/p>\n<div class=\"fb_comments\"><span><a href=\"https:\/\/www.lesherbiers.fr\/actualites\/21298-le-20-novembre-c-est-portes-ouvertes-chez-les-pompiers.html\">0 commentaire<\/a><\/span><\/div>\n<p>Tr\u00e8s beau concert au th\u00e9\u00e2tre Pierre Barouh de l&rsquo;Orchestre National des Pays de la Loire sous&#8230;<br \/><a href=\"\/actualites\/21295-classique-l-onpl-avec-lucienne-renaudin-vary.html\" title=\"Classique : l'ONPL avec Lucienne Renaudin Vary\" class=\"LinkIn widgetLastElementsLink\"><span>Lire la suite<\/span><\/a><\/p>\n<div class=\"fb_comments\"><span><a href=\"https:\/\/www.lesherbiers.fr\/actualites\/21295-classique-l-onpl-avec-lucienne-renaudin-vary.html\">0 commentaire<\/a><\/span><\/div>\n<p>Ce samedi 20 novembre, le 33e forum des m\u00e9tiers et des formations organis\u00e9 au lyc\u00e9e Jean-XXIII&#8230;<br \/><a href=\"\/actualites\/16970-formation-metiers-33e-forum-au-lycee-jean-xxiii.html\" title=\"formation, m\u00e9tiers : 33e forum au lyc\u00e9e Jean-XXIII\" class=\"LinkIn widgetLastElementsLink\"><span>Lire la suite<\/span><\/a><\/p>\n<div class=\"fb_comments\"><span><a href=\"https:\/\/www.lesherbiers.fr\/actualites\/16970-formation-metiers-33e-forum-au-lycee-jean-xxiii.html\">0 commentaire<\/a><\/span><\/div>\n<p><a href=\"http:\/\/lesherbiers.fr\" target=\"_self\" class=\"LinkOut\" rel=\"noopener\"><img decoding=\"async\" alt=\"logo les herbiers petit\" src=\"\/media\/logolesherbierspetit__037772700_1454_13082012.png\" \/><\/a><br \/><strong>Adresse :<\/strong> 6 rue Tourniquet &#8211; CS 40 209<br \/>85502 Les Herbiers Cedex<br \/><strong>T&eacute;l. :<\/strong> <a href=\"tel:+33251910767\" class=\"LinkIn\">02 51 91 07 67<\/a><br \/><strong>Fax : <\/strong>02 51 64 99 45<br \/><strong>Contactez-nous :<\/strong> <a class=\"LinkIn icon-social icon-mail\" href=\"\/contactez-nous\/\" title=\"Formulaire de contact\"><span class=\"hide\">Formulaire de contact<\/span><\/a><br \/><strong>Retrouvez nous<\/strong> : <a class=\"LinkOut icon-social icon-facebook\" href=\"http:\/\/www.facebook.com\/lesherbiers\"><span class=\"hide\">Les Herbiers sur Facebook<\/span><\/a> <a class=\"LinkOut icon-social icon-twitter\" href=\"http:\/\/twitter.com\/lesherbiers\"><span class=\"hide\">Les Herbiers sur Twitter<\/span><\/a><br \/><strong>Horaires d&#039;ouverture<\/strong> : du lundi au vendredi (9h-12h et 14h-18h) et samedi (8h30-12h30 Etat-civil uniquement)<br \/><a class=\"LinkOut twitter-timeline\" data-chrome=\"transparent\" data-widget-id=\"702449332394598400\" href=\"https:\/\/twitter.com\/lesherbiers\">Tweets de @lesherbiers<\/a> !function(d,s,id){var js,fjs=d.getElementsByTagName(s)[0],p=\/^http:\/.test(d.location)?&rsquo;http&rsquo;:&rsquo;https&rsquo;;if(!d.getElementById(id)){js=d.createElement(s);js.id=id;js.src=p+\u00a0\u00bb:\/\/platform.twitter.com\/widgets.js\u00a0\u00bb;fjs.parentNode.insertBefore(js,fjs);}}(document,\u00a0\u00bbscript\u00a0\u00bb,\u00a0\u00bbtwitter-wjs\u00a0\u00bb);<br \/><a href=\"\/sortir\/videos\/\" title=\"Toutes les vid\u00e9os\" class=\"LinkIn\">Toutes les vid\u00e9os<\/a><br \/><a href=\"https:\/\/www.ot-lesherbiers.fr\/\" target=\"_blank\" class=\"LinkOut\" rel=\"noopener\"><img decoding=\"async\" alt=\"logo off de tourisme png\" src=\"\/media\/logo_off_de_tourisme_png.png\" \/><\/a><br \/>&nbsp;<\/p>\n<p><a href=\"https:\/\/www.lesherbiers.fr\/actualites\/16970-formation-metiers-33e-forum-au-lycee-jean-xxiii.html\">source<\/a><\/p>\n<!--CusAds0-->\n<div style=\"font-size: 0px; height: 0px; line-height: 0px; margin: 0; padding: 0; clear: both;\"><\/div>","protected":false},"excerpt":{"rendered":"<p>Ce samedi 20 novembre, le 33e forum des m\u00e9tiers et des formations organis\u00e9 au lyc\u00e9e Jean-XXIII permettra aux coll\u00e9giens et lyc\u00e9ens de s&rsquo;informer assez largement dans le cadre de leur orientation. Thierry Guesdon, Ga\u00ebtan Vrignon et Andr\u00e9 R\u00e9veiller, les directeurs des trois \u00e9tablissements partenaires de ce 33e Forum des m\u00e9tiers et des formations. Si le [&hellip;]<\/p>\n","protected":false},"author":1,"featured_media":0,"comment_status":"open","ping_status":"open","sticky":false,"template":"","format":"standard","meta":{"googlesitekit_rrm_CAow1sXXCw:productID":"","_jetpack_memberships_contains_paid_content":false,"footnotes":"","jetpack_publicize_message":"","jetpack_publicize_feature_enabled":true,"jetpack_social_post_already_shared":false,"jetpack_social_options":{"image_generator_settings":{"template":"highway","default_image_id":0,"font":"","enabled":false},"version":2}},"categories":[1],"tags":[],"class_list":["post-418","post","type-post","status-publish","format-standard","hentry","category-non-classe"],"jetpack_publicize_connections":[],"jetpack_featured_media_url":"","jetpack_sharing_enabled":true,"_links":{"self":[{"href":"https:\/\/monblogeur.tech\/index.php\/wp-json\/wp\/v2\/posts\/418","targetHints":{"allow":["GET"]}}],"collection":[{"href":"https:\/\/monblogeur.tech\/index.php\/wp-json\/wp\/v2\/posts"}],"about":[{"href":"https:\/\/monblogeur.tech\/index.php\/wp-json\/wp\/v2\/types\/post"}],"author":[{"embeddable":true,"href":"https:\/\/monblogeur.tech\/index.php\/wp-json\/wp\/v2\/users\/1"}],"replies":[{"embeddable":true,"href":"https:\/\/monblogeur.tech\/index.php\/wp-json\/wp\/v2\/comments?post=418"}],"version-history":[{"count":0,"href":"https:\/\/monblogeur.tech\/index.php\/wp-json\/wp\/v2\/posts\/418\/revisions"}],"wp:attachment":[{"href":"https:\/\/monblogeur.tech\/index.php\/wp-json\/wp\/v2\/media?parent=418"}],"wp:term":[{"taxonomy":"category","embeddable":true,"href":"https:\/\/monblogeur.tech\/index.php\/wp-json\/wp\/v2\/categories?post=418"},{"taxonomy":"post_tag","embeddable":true,"href":"https:\/\/monblogeur.tech\/index.php\/wp-json\/wp\/v2\/tags?post=418"}],"curies":[{"name":"wp","href":"https:\/\/api.w.org\/{rel}","templated":true}]}}