{"id":4237,"date":"2022-03-03T19:06:54","date_gmt":"2022-03-03T18:06:54","guid":{"rendered":"https:\/\/monblogeur.tech\/index.php\/2022\/03\/03\/formation-dans-les-landes-comment-devenir-designer-a-mont-de-marsan-sud-ouest\/"},"modified":"2022-03-03T19:06:54","modified_gmt":"2022-03-03T18:06:54","slug":"formation-dans-les-landes-comment-devenir-designer-a-mont-de-marsan-sud-ouest","status":"publish","type":"post","link":"https:\/\/monblogeur.tech\/index.php\/2022\/03\/03\/formation-dans-les-landes-comment-devenir-designer-a-mont-de-marsan-sud-ouest\/","title":{"rendered":"Formation dans les Landes : comment devenir designer \u00e0 Mont-de-Marsan ? &#8211; Sud Ouest"},"content":{"rendered":"<div class=\"cfbc967f0983488262956e73eca9483a\" data-index=\"1\" style=\"float: none; margin:10px 0 10px 0; text-align:center;\">\n<script async src=\"https:\/\/pagead2.googlesyndication.com\/pagead\/js\/adsbygoogle.js?client=ca-pub-3859091246952232\" crossorigin=\"anonymous\"><\/script>\r\n<!-- blok -->\r\n<ins class=\"adsbygoogle\" data-ad-client=\"ca-pub-3859091246952232\" data-ad-slot=\"1334354390\"><\/ins>\r\n<script>\r\n     (adsbygoogle = window.adsbygoogle || []).push({});\r\n<\/script>\r\n\n<\/div>\n<p>Fibre artistique, curiosit\u00e9 et inventivit\u00e9, voil\u00e0 les seules qualit\u00e9s requises pour int\u00e9grer l\u2019\u00c9cole sup\u00e9rieure de design des Landes* (ESDL). Cette \u00e9cole priv\u00e9e fait partie du campus cr\u00e9\u00e9 par la Chambre de commerce et d\u2019industrie des Landes. Ici, on&#8230;<br \/>Fibre artistique, curiosit\u00e9 et inventivit\u00e9, voil\u00e0 les seules qualit\u00e9s requises pour int\u00e9grer l\u2019\u00c9cole sup\u00e9rieure de design des Landes* (ESDL). Cette \u00e9cole priv\u00e9e fait partie du campus cr\u00e9\u00e9 par la Chambre de commerce et d\u2019industrie des Landes. Ici, on apprend les fondamentaux du design et on met en pratique via des \u00e9quipements de pointe et des stages en entreprise. Tous les cursus sont con\u00e7us en fonction des probl\u00e9matiques contemporaines li\u00e9es \u00e0 l\u2019\u00e9coconception et sont dispens\u00e9s par des professionnels du secteur (architectes, designers graphiques, d\u00e9corateurs\u2026).<br \/>Les 160 \u00e9tudiants participent \u00e0 de nombreux \u00ab\u00a0workshops\u00a0\u00bb, des projets concrets pour une immersion dans la r\u00e9alit\u00e9 de leur futur m\u00e9tier. Pour cela, l\u2019ESDL a nou\u00e9 des partenariats avec des entreprises ou collectivit\u00e9s locales, r\u00e9gionales, nationales et m\u00eame internationales. <br \/>\u00ab\u00a0\u00c0 partir d\u2019un cahier des charges, nos \u00e9tudiants \u00e9valuent la faisabilit\u00e9 du projet, \u00e9laborent des propositions (cr\u00e9ation de logo, prototype d\u2019objet, am\u00e9nagement d\u2019espaces int\u00e9rieurs ou ext\u00e9rieurs, packaging\u2026) et cr\u00e9ent des maquettes dans notre atelier\u00a0\u00bb, pr\u00e9cise Fabienne Capes-Tastet, responsable p\u00e9dagogique de l\u2019ESDL. <br \/>Parmi les projets r\u00e9cents, l\u2019am\u00e9nagement de l\u2019accueil du Cr\u00e9dit agricole \u00e0 Aire-sur-l\u2019Adour, les fa\u00e7ades du si\u00e8ge \u00e0 Mont-de-Marsan et celle d\u2019Arcachon, le design d\u2019une plancha pour Forge Adour, l\u2019habillage en street art d\u2019\u00e9quipements \u00e9lectriques pour la commune d\u2019Aire-sur l\u2019Adour, des \u00e9tiquettes pour la boucherie Lartigau\u2026<br \/>L\u2019ESDL propose plusieurs bachelors (bac +\u00a03)\u00a0: designer produit, designer graphique et designer d\u2019espaces et, depuis la rentr\u00e9e 2021, designer concepteur industriel en partenariat avec l\u2019\u00e9cole d\u2019ing\u00e9nieurs Estia de Bidart. Un mast\u00e8re designer manager (bac +\u00a05) existe aussi avec trois options\u00a0: produit et \u00e9conomie circulaire, architecte d\u2019int\u00e9rieur ou food design. Cette formation inclut six mois au Br\u00e9sil, en Chine, en Inde, au B\u00e9nin ou au Canada. Le mast\u00e8re est un codipl\u00f4me d\u00e9livr\u00e9 par l\u2019ESDL et l\u2019\u00c9cole de design de Nantes. <br \/>Tous les parcours allient donc th\u00e9orie et r\u00e9alit\u00e9 du monde du travail. Les jeunes sont form\u00e9s selon les besoins du march\u00e9 dans une \u00e9cole \u00e0 taille humaine. \u00ab\u00a075\u00a0% des \u00e9tudiants de l\u2019ESDL travaillent dans le secteur du design six mois apr\u00e8s leur dipl\u00f4me et 83\u00a0% deux ans plus tard. Les stages chaque ann\u00e9e y contribuent et nos relations \u00e9troites avec le monde professionnel aussi\u00a0\u00bb, conclut Fabienne Capes-Tastet. <\/p>\n<p><a href=\"https:\/\/www.sudouest.fr\/politique\/education\/formation-dans-les-landes-comment-devenir-designer-a-mont-de-marsan-9437769.php\">source<\/a><\/p>\n<!--CusAds0-->\n<div style=\"font-size: 0px; height: 0px; line-height: 0px; margin: 0; padding: 0; clear: both;\"><\/div>","protected":false},"excerpt":{"rendered":"<p>Fibre artistique, curiosit\u00e9 et inventivit\u00e9, voil\u00e0 les seules qualit\u00e9s requises pour int\u00e9grer l\u2019\u00c9cole sup\u00e9rieure de design des Landes* (ESDL). Cette \u00e9cole priv\u00e9e fait partie du campus cr\u00e9\u00e9 par la Chambre de commerce et d\u2019industrie des Landes. Ici, on&#8230;Fibre artistique, curiosit\u00e9 et inventivit\u00e9, voil\u00e0 les seules qualit\u00e9s requises pour int\u00e9grer l\u2019\u00c9cole sup\u00e9rieure de design des Landes* [&hellip;]<\/p>\n","protected":false},"author":1,"featured_media":0,"comment_status":"open","ping_status":"open","sticky":false,"template":"","format":"standard","meta":{"googlesitekit_rrm_CAow1sXXCw:productID":"","_jetpack_memberships_contains_paid_content":false,"footnotes":"","jetpack_publicize_message":"","jetpack_publicize_feature_enabled":true,"jetpack_social_post_already_shared":false,"jetpack_social_options":{"image_generator_settings":{"template":"highway","default_image_id":0,"font":"","enabled":false},"version":2}},"categories":[1],"tags":[],"class_list":["post-4237","post","type-post","status-publish","format-standard","hentry","category-non-classe"],"jetpack_publicize_connections":[],"jetpack_featured_media_url":"","jetpack_sharing_enabled":true,"_links":{"self":[{"href":"https:\/\/monblogeur.tech\/index.php\/wp-json\/wp\/v2\/posts\/4237","targetHints":{"allow":["GET"]}}],"collection":[{"href":"https:\/\/monblogeur.tech\/index.php\/wp-json\/wp\/v2\/posts"}],"about":[{"href":"https:\/\/monblogeur.tech\/index.php\/wp-json\/wp\/v2\/types\/post"}],"author":[{"embeddable":true,"href":"https:\/\/monblogeur.tech\/index.php\/wp-json\/wp\/v2\/users\/1"}],"replies":[{"embeddable":true,"href":"https:\/\/monblogeur.tech\/index.php\/wp-json\/wp\/v2\/comments?post=4237"}],"version-history":[{"count":0,"href":"https:\/\/monblogeur.tech\/index.php\/wp-json\/wp\/v2\/posts\/4237\/revisions"}],"wp:attachment":[{"href":"https:\/\/monblogeur.tech\/index.php\/wp-json\/wp\/v2\/media?parent=4237"}],"wp:term":[{"taxonomy":"category","embeddable":true,"href":"https:\/\/monblogeur.tech\/index.php\/wp-json\/wp\/v2\/categories?post=4237"},{"taxonomy":"post_tag","embeddable":true,"href":"https:\/\/monblogeur.tech\/index.php\/wp-json\/wp\/v2\/tags?post=4237"}],"curies":[{"name":"wp","href":"https:\/\/api.w.org\/{rel}","templated":true}]}}