{"id":4243,"date":"2022-03-03T20:38:00","date_gmt":"2022-03-03T19:38:00","guid":{"rendered":"https:\/\/monblogeur.tech\/index.php\/2022\/03\/03\/10-formations-pour-booster-votre-cv-avec-des-competences-numeriques-capital-fr\/"},"modified":"2022-03-03T20:38:00","modified_gmt":"2022-03-03T19:38:00","slug":"10-formations-pour-booster-votre-cv-avec-des-competences-numeriques-capital-fr","status":"publish","type":"post","link":"https:\/\/monblogeur.tech\/index.php\/2022\/03\/03\/10-formations-pour-booster-votre-cv-avec-des-competences-numeriques-capital-fr\/","title":{"rendered":"10 formations pour booster votre CV avec des comp\u00e9tences num\u00e9riques &#8211; Capital.fr"},"content":{"rendered":"<div class=\"cfbc967f0983488262956e73eca9483a\" data-index=\"1\" style=\"float: none; margin:10px 0 10px 0; text-align:center;\">\n<script async src=\"https:\/\/pagead2.googlesyndication.com\/pagead\/js\/adsbygoogle.js?client=ca-pub-3859091246952232\" crossorigin=\"anonymous\"><\/script>\r\n<!-- blok -->\r\n<ins class=\"adsbygoogle\" data-ad-client=\"ca-pub-3859091246952232\" data-ad-slot=\"1334354390\"><\/ins>\r\n<script>\r\n     (adsbygoogle = window.adsbygoogle || []).push({});\r\n<\/script>\r\n\n<\/div>\n<p>A l\u2019\u00e8re de la digitalisation du monde de l\u2019entreprise et de l\u2019invasion du num\u00e9rique dans les relations commerciales et professionnelles, avoir des comp\u00e9tences en informatique, en cr\u00e9ation de site web ou encore en communication digitale est devenu un vrai plus aux yeux des recruteurs. A profil et exp\u00e9riences \u00e9quivalents, d\u00e9tenir des comp\u00e9tences dans le num\u00e9rique peut apporter un atout majeur \u00e0 votre CV. Selon une \u00e9tude de P\u00f4le emploi publi\u00e9e en 2021, six \u00e9tablissements sur dix affirment en effet vouloir d\u00e9velopper leurs comp\u00e9tences num\u00e9riques. Ces comp\u00e9tences sont larges : sont \u00e9voqu\u00e9es \u00e0 la fois les connaissances li\u00e9es \u00e0 la s\u00e9curit\u00e9 informatique, au marketing num\u00e9rique ou encore \u00e0 l\u2019analyse de donn\u00e9es.<br \/>Mais la ma\u00eetrise des outils num\u00e9riques n\u2019est pas donn\u00e9e \u00e0 tous les actifs. Selon une \u00e9tude de l\u2019Insee publi\u00e9e en 2019, 38% des personnes utilisant Internet n\u2019ont pas au moins l\u2019une des principales capacit\u00e9s num\u00e9riques, qui sont la recherche d\u2019information, la communication, l\u2019utilisation de logiciels et la r\u00e9solution de probl\u00e8mes. Si vous n\u2019\u00eates pas familier avec l\u2019informatique, le digital et tout ce qui l&rsquo;accompagne, pas de panique : de nombreuses formations existent pour vous permettre de d\u00e9velopper vos \u201cskills\u201d dans ce domaine, finan\u00e7ables via le compte personnel de formation. Pour Capital, Topformation a s\u00e9lectionn\u00e9 les formations les plus sollicit\u00e9es sur son moteur de recherche dans le domaine du num\u00e9rique. Ces parcours de formation s\u2019adaptent \u00e0 tous types de secteurs d\u2019activit\u00e9, mais sont majoritairement mobilisables dans le tertiaire.<br \/><a href=\"https:\/\/www.capital.fr\/page\/comment-faire-un-bon-cv?utm_source=capital-service&amp;utm_medium=capital-service-articles&amp;utm_campaign=article-analyse-cv\"><strong><em>&gt;&gt; Notre service &#8211; Votre CV est-il vraiment r\u00e9dig\u00e9 comme il faut ? Capital vous offre son analyse compl\u00e8te pour l\u2019am\u00e9liorer<\/em><\/strong><\/a><br \/>L\u2019image de marque est au c\u0153ur des strat\u00e9gies de marketing des entreprises, et passe bien souvent par sa charte graphique, son logo et le design de ses publications. Celles-ci peuvent \u00eatre mat\u00e9rielles, en prenant la forme d\u2019affiches ou de brochures, mais \u00e9galement digitales. La communication visuelle \u00e9tant d\u00e9sormais fondamentale pour cr\u00e9er l\u2019identit\u00e9 d\u2019une entreprise et se d\u00e9marquer de ses concurrents, la d\u00e9tention de comp\u00e9tences en design graphique est fortement appr\u00e9ci\u00e9e par les employeurs. La formation \u201c<a href=\"https:\/\/formation-professionnelle.capital.fr\/formations\/tuto-com\/designer-graphique-1613584\" target=\"_blank\" rel=\"noopener\">Designer Graphique<\/a>\u201d, d\u00e9livr\u00e9e par Tuto.com, permet de faire ses premiers pas dans le domaine. Durant 345 heures, seront abord\u00e9s le processus graphique et de production, les m\u00e9thodes de travail des designers graphiques ainsi que les \u00e9volutions et les contraintes du m\u00e9tier. Photoshop, InDesign, Illustrator\u2026 vous serez initi\u00e9 aux principaux logiciels du domaine du graphisme, qui repr\u00e9sentent autant de nouvelles comp\u00e9tences \u00e0 ajouter \u00e0 votre CV. Vous d\u00e9couvrirez m\u00eame le \u201cmotion design\u201d, c\u2019est-\u00e0-dire le graphique anim\u00e9. Apr\u00e8s cette formation, vous serez capable de g\u00e9rer un projet de graphisme du d\u00e9but \u00e0 la fin.<br \/>Si vous cherchez \u00e0 d\u00e9velopper des comp\u00e9tences dans le design graphique mais ne souhaitez pas d\u00e9couvrir tous les pendants du m\u00e9tier, vous pouvez choisir une formation qui se concentre sur un seul logiciel, tel que le parcours \u201c<a href=\"https:\/\/formation-professionnelle.capital.fr\/formations\/arinfo-i-maginer\/indesign-1623717\" target=\"_blank\" rel=\"noopener\">InDesign<\/a>\u201d d\u00e9livr\u00e9 par Arinfo I-maginer. Plus court que la formation pr\u00e9sent\u00e9e pr\u00e9c\u00e9demment, il vous permettra de ma\u00eetriser le logiciel InDesign au bout de soixante-dix heures de formation. Ce dernier peut \u00eatre mobilis\u00e9 pour cr\u00e9er des brochures, des affiches ou encore des magazines, mais permet \u00e9galement de mettre en page des contenus adapt\u00e9s aux outils digitaux. La formation peut se faire en pr\u00e9sentiel comme en distanciel et se concentre avant tout sur la pratique. Vous y apprendrez toutes les r\u00e8gles et astuces pour r\u00e9ussir des maquettes et assemblages, et serez apte \u00e0 cr\u00e9er et publier tous types de documents digitaux. Les enseignements pourront prendre divers formats, de la mise en situation professionnelle aux ateliers en passant par la r\u00e9alisation de projets concrets.<br \/>Apprendre \u00e0 cr\u00e9er un site web en cinq jours, c\u2019est possible ? C\u2019est en tout cas ce que propose l\u2019organisme Sagexa. Se voulant r\u00e9ellement op\u00e9rationnel, le parcours \u201c<a href=\"https:\/\/formation-professionnelle.capital.fr\/formations\/sagexa\/apprendre-a-creer-un-site-web-en-php-mysql-1612250\" target=\"_blank\" rel=\"noopener\">Apprendre \u00e0 cr\u00e9er un site web en PHP \/ MySQL<\/a>\u201d vous fera d\u00e9couvrir le langage de programmation PHP, en d\u00e9veloppant de mani\u00e8re professionnelle un site Internet. Si pour le moment, les termes \u201clangage SQL\u201d ou \u201cbase de donn\u00e9es MySQL\u201d vous semblent compl\u00e8tement \u00e9trangers, ils devraient vous \u00eatre familiers \u00e0 la fin de votre parcours. Pour ce faire, vous d\u00e9couvrirez l\u2019architecture du web, vous en apprendrez sur PHP, tout cela en faisant l\u2019exp\u00e9rience de la cr\u00e9ation d\u2019un site web durant votre formation. Vous effectuerez \u00e9galement des exercices pour valider vos comp\u00e9tences, en r\u00e9alisant des \u201clistes d\u00e9roulantes\u201d ou en mettant en \u0153uvre des moteurs de recherche. Attention, ce parcours est r\u00e9serv\u00e9 aux initi\u00e9s : pour suivre cette formation, il faut tout de m\u00eame conna\u00eetre les bases du langage HTML ainsi que d\u2019un quelconque langage de programmation.<br \/>Si vous n\u2019avez pas de connaissance en programmation mais souhaitez apprendre \u00e0 cr\u00e9er un site web, c\u2019est possible gr\u00e2ce \u00e0 l\u2019outil WordPress et la formation \u201c<a href=\"https:\/\/formation-professionnelle.capital.fr\/formations\/academy-numerique\/creer-un-site-internet-avec-wordpress-1607954\" target=\"_blank\" rel=\"noopener\">Cr\u00e9er un site Internet avec WordPress<\/a>\u201d propos\u00e9e par Academy Num\u00e9rique. Aujourd\u2019hui, toute entreprise, association ou toute autre structure poss\u00e8de son site Internet. C\u2019est son principal moyen de communication et de contact avec ses clients. Ainsi, durant trois jours, vous apprendrez \u00e0 cr\u00e9er et animer un site Internet d\u2019entreprise, \u00e0 ma\u00eetriser les diff\u00e9rentes fonctionnalit\u00e9s de WordPress ainsi qu\u2019\u00e0 ins\u00e9rer des textes et des images dans votre site. Le d\u00e9roul\u00e9 de la formation ? Elle propose de la th\u00e9orie le matin et de la pratique l\u2019apr\u00e8s-midi. Vous disposerez \u00e9galement d\u2019un forum de discussion accessible via Google Groups pour garantir un suivi pendant et apr\u00e8s le parcours.<br \/><a href=\"https:\/\/formation-professionnelle.capital.fr\/\" target=\"_blank\" rel=\"noopener\"><strong><em>&gt;&gt; Notre service &#8211; Trouvez la formation professionnelle qui dopera ou r\u00e9orientera votre carri\u00e8re gr\u00e2ce \u00e0 notre moteur de recherche sp\u00e9cialis\u00e9 (Commercial, Management, Gestion de projet, Langues, Sant\u00e9 \u2026) et entrez en contact avec un conseiller pour vous guider dans votre choix<\/em><\/strong><\/a><br \/>La g\u00e9n\u00e9ralisation des smartphones, tablettes et r\u00e9seaux sociaux a profond\u00e9ment modifi\u00e9 le domaine de la communication. Les personnes souhaitant apprendre \u00e0 promouvoir des produits et services sur le web peuvent se tourner vers la formation \u201c<a href=\"https:\/\/formation-professionnelle.capital.fr\/formations\/cci-de-grenoble\/mettre-en-oeuvre-des-actions-de-communication-numerique-formation-certifiante-1675786\" target=\"_blank\" rel=\"noopener\">Mettre en oeuvre des actions de communication num\u00e9rique<\/a>\u201d, d\u00e9livr\u00e9e par le groupe CCI Grenoble-CCI Formation. D\u2019une dur\u00e9e de quatre jours, elle aborde les th\u00e9matiques de l&rsquo;environnement digital et du webmarketing. La formation se veut \u00e0 la fois pratique et th\u00e9orique. Vous d\u00e9couvrirez donc les diff\u00e9rents aspects du marketing digital, ses tendances actuelles et ses \u00e9volutions. La communication digitale devant faire l\u2019objet d\u2019une v\u00e9ritable strat\u00e9gie, vous y apprendrez \u00e0 r\u00e9aliser un plan marketing digital et \u00e0 assurer une gestion de projet. La formation est certifiante, c\u2019est-\u00e0-dire que vous pourrez valider le Certificat de comp\u00e9tences en entreprise (CCE) \u201cMettre en \u0153uvre des actions de communication num\u00e9rique dans l&rsquo;entreprise\u201d, inscrit au r\u00e9pertoire sp\u00e9cifique de France Comp\u00e9tences et d\u00e9livr\u00e9 par CCI France, \u00e0 son issue.<br \/>La question de la \u201cdata\u201d\u00a0&#8211;\u00a0des donn\u00e9es num\u00e9riques en fran\u00e7ais\u00a0&#8211; est plus que jamais d&rsquo;actualit\u00e9. Savoir collecter et utiliser des donn\u00e9es num\u00e9riques est un atout capital pour les entreprises, afin d\u2019am\u00e9liorer leur communication, de mieux cibler leur client\u00e8le et d\u2019adapter leur offre \u00e0 cette derni\u00e8re. Pour ma\u00eetriser ce large domaine qu\u2019est la data, l\u2019organisme DataScientest propose une formation de 250 heures, intitul\u00e9e \u201c<a href=\"https:\/\/formation-professionnelle.capital.fr\/formations\/datascientest\/formation-de-data-analyst-1604370\" target=\"_blank\" rel=\"noopener\">Formation de data analyst<\/a>\u201d. Vous y apprendrez \u00e0 comprendre et \u00e0 utiliser de mani\u00e8re efficiente la multitude de donn\u00e9es disponibles sur le web. Pour que la formation soit la plus pratique possible, l\u2019organisme propose la r\u00e9alisation d\u2019un projet de groupe sur une probl\u00e9matique concr\u00e8te de data. La formation est d\u00e9livr\u00e9e \u00e0 distance, avec 85% de coaching individuel et 15% de master class. Il est conseill\u00e9 d\u2019avoir d\u00e9j\u00e0 des bases en math\u00e9matiques et statistiques ainsi que des notions en bureautique et programmation avant de se lancer dans cette formation. Le plus du parcours : DataScientest est en partenariat avec la Sorbonne, vous recevrez donc une attestation de formation de la prestigieuse universit\u00e9 parisienne.<br \/>La vid\u00e9o est d\u00e9sormais partout : sur les r\u00e9seaux sociaux, les sites web, les applications\u2026 Elle permet \u00e0 la fois de pr\u00e9senter une entreprise et de d\u00e9voiler ses actualit\u00e9s aux internautes, en mettant en sc\u00e8ne ses produits ou en promouvant ses activit\u00e9s. Les \u201cspots vid\u00e9os\u201d sont de plus en plus approfondis, qualitatifs, et n\u00e9cessitent des qualit\u00e9s de prise de vue et de montage sp\u00e9cifiques. Ainsi, la formation \u201c<a href=\"https:\/\/formation-professionnelle.capital.fr\/formations\/vlipp\/concevoir-et-produire-des-contenus-videos-1629632\" target=\"_blank\" rel=\"noopener\">Concevoir et produire des contenus vid\u00e9os<\/a>\u201d, propos\u00e9e par Vlipp, promet d\u2019apprendre en cinq jours \u00e0 r\u00e9aliser une vid\u00e9o informative, de son \u00e9criture \u00e0 son montage. Seront abord\u00e9es les diff\u00e9rentes \u00e9tapes de la cr\u00e9ation audiovisuelle : la prise d\u2019image, les techniques d\u2019interview, la ma\u00eetrise d\u2019une cam\u00e9ra ou encore les techniques de montage professionnel. La formation propose 70% de pratique pour 30% de th\u00e9orie, afin que ses participants puissent mettre en application les enseignements re\u00e7us \u00e0 son issue. Afin d\u2019assurer un suivi individualis\u00e9, la formation est d\u00e9livr\u00e9e \u00e0 de petits groupes de maximum six personnes.<br \/>Face \u00e0 la digitalisation du monde des affaires et des entreprises, nombre d\u2019\u00e9tablissements n\u2019ont pas encore effectu\u00e9 leur transition, qui leur permettrait pourtant d\u2019optimiser leur productivit\u00e9. Les avantages d\u2019une transition num\u00e9rique sont nombreux : am\u00e9liorer sa prospection, fid\u00e9liser ses clients, d\u00e9mat\u00e9rialiser les documents, acc\u00e9der \u00e0 de nouveaux march\u00e9s, automatiser les processus\u2026 Les entreprises n\u2019ayant pas encore atteint leur \u201cmaturit\u00e9 num\u00e9rique\u201d peuvent donc avoir int\u00e9r\u00eat \u00e0 recruter un salari\u00e9 ayant des comp\u00e9tences dans le diagnostic num\u00e9rique, qui permet d\u2019identifier les lacunes digitales pour engager une strat\u00e9gie de d\u00e9veloppement. L\u2019organisme Academy Num\u00e9rique propose ainsi la formation \u201c<a href=\"https:\/\/formation-professionnelle.capital.fr\/formations\/academy-numerique\/le-diagnostic-numerique-1607953\" target=\"_blank\" rel=\"noopener\">Le diagnostic num\u00e9rique<\/a>\u201d. En seulement deux jours, elle vous propose, comme son nom l\u2019indique, d\u2019apprendre \u00e0 effectuer un diagnostic num\u00e9rique, \u00e0 identifier les outils et diff\u00e9rentes solutions digitales pour d\u00e9velopper un business ainsi qu\u2019\u00e0 mettre en place une strat\u00e9gie \u00e0 court terme. Cette formation s\u2019adresse avant tout aux entreprises souhaitant am\u00e9liorer leur pr\u00e9sence en ligne, mais avoir ce type de comp\u00e9tences peut \u00eatre utile \u00e0 bon nombre d\u2019actifs. Il n\u2019y a d\u2019ailleurs pas de pr\u00e9requis pour s\u2019y inscrire.<br \/>Le \u201cC++\u201d, \u00e7a vous parle ? C\u2019est le troisi\u00e8me langage de programmation utilis\u00e9 dans le monde. Avec la formation \u201c<a href=\"https:\/\/formation-professionnelle.capital.fr\/formations\/code-reckons\/les-bases-du-c--1618940\" target=\"_blank\" rel=\"noopener\">Les bases du C++<\/a>\u201d, vous apprendrez \u00e0 ma\u00eetriser les fondamentaux de ce langage informatique et \u00e0 d\u00e9velopper une application en C++. Au-del\u00e0 de la th\u00e9orie, de l\u2019histoire du C++ et de son positionnement dans l\u2019\u00e9cosyst\u00e8me logiciel actuel, vous r\u00e9aliserez des exercices pratiques. Cette formation est avant tout destin\u00e9e aux ing\u00e9nieurs et techniciens cherchant \u00e0 d\u00e9couvrir ce langage de programmation, mais toute personne souhaitant se former est la bienvenue. Il est n\u00e9anmoins conseill\u00e9 d\u2019avoir d\u00e9j\u00e0 fait l\u2019exp\u00e9rience d\u2019un langage de programmation, quel qu\u2019il soit, pour faciliter l\u2019acquisition de connaissances.<br \/>Vous dites souvent \u00e0 vos proches que le num\u00e9rique, ce n\u2019est pas pour vous et que vous n\u2019y comprenez strictement rien ? Vous n\u2019\u00eates pas seul. Selon l\u2019\u00e9tude de l\u2019Insee sur les comp\u00e9tences num\u00e9riques des Fran\u00e7ais publi\u00e9e en 2019, 24% de la population serait incapable d\u2019obtenir de l\u2019information \u00e0 l\u2019aide d\u2019Internet, 21% des sond\u00e9s ne sauraient pas communiquer gr\u00e2ce au web et 35% ne sauraient utiliser aucun logiciel. La formation \u201c<a href=\"https:\/\/formation-professionnelle.capital.fr\/formations\/sii-learning\/premier-contact-avec-l-informatique-367634\" target=\"_blank\" rel=\"noopener\">Premier contact avec l&rsquo;informatique<\/a>\u201d, d\u00e9livr\u00e9e par Sii Learning, est peut-\u00eatre faite pour vous. Elle dure seulement un jour, et vous permettra de vous familiariser \u00e0 la fois avec le mat\u00e9riel informatique et son vocabulaire, qui n\u2019est pas forc\u00e9ment \u00e9vident. A son issue, ce parcours vous permettra de naviguer avec conscience sur le web et d\u2019\u00eatre op\u00e9rationnel pour suivre d\u2019\u00e9ventuelles formations en bureautique. Cette formation est r\u00e9serv\u00e9e aux individus qui n\u2019ont quasiment aucune connaissance en informatique et qui n\u2019ont pas l\u2019habitude d\u2019utiliser les outils num\u00e9riques dans leur vie quotidienne.<br \/>         &copy; 2022 Prisma Media &#8211; Tous droits r\u00e9serv\u00e9s     <\/p>\n<p><a href=\"https:\/\/www.capital.fr\/votre-carriere\/10-formations-pour-booster-votre-cv-avec-des-competences-numeriques-1429919\">source<\/a><\/p>\n<!--CusAds0-->\n<div style=\"font-size: 0px; height: 0px; line-height: 0px; margin: 0; padding: 0; clear: both;\"><\/div>","protected":false},"excerpt":{"rendered":"<p>A l\u2019\u00e8re de la digitalisation du monde de l\u2019entreprise et de l\u2019invasion du num\u00e9rique dans les relations commerciales et professionnelles, avoir des comp\u00e9tences en informatique, en cr\u00e9ation de site web ou encore en communication digitale est devenu un vrai plus aux yeux des recruteurs. A profil et exp\u00e9riences \u00e9quivalents, d\u00e9tenir des comp\u00e9tences dans le num\u00e9rique [&hellip;]<\/p>\n","protected":false},"author":1,"featured_media":0,"comment_status":"open","ping_status":"open","sticky":false,"template":"","format":"standard","meta":{"googlesitekit_rrm_CAow1sXXCw:productID":"","_jetpack_memberships_contains_paid_content":false,"footnotes":"","jetpack_publicize_message":"","jetpack_publicize_feature_enabled":true,"jetpack_social_post_already_shared":false,"jetpack_social_options":{"image_generator_settings":{"template":"highway","default_image_id":0,"font":"","enabled":false},"version":2}},"categories":[1],"tags":[],"class_list":["post-4243","post","type-post","status-publish","format-standard","hentry","category-non-classe"],"jetpack_publicize_connections":[],"jetpack_featured_media_url":"","jetpack_sharing_enabled":true,"_links":{"self":[{"href":"https:\/\/monblogeur.tech\/index.php\/wp-json\/wp\/v2\/posts\/4243","targetHints":{"allow":["GET"]}}],"collection":[{"href":"https:\/\/monblogeur.tech\/index.php\/wp-json\/wp\/v2\/posts"}],"about":[{"href":"https:\/\/monblogeur.tech\/index.php\/wp-json\/wp\/v2\/types\/post"}],"author":[{"embeddable":true,"href":"https:\/\/monblogeur.tech\/index.php\/wp-json\/wp\/v2\/users\/1"}],"replies":[{"embeddable":true,"href":"https:\/\/monblogeur.tech\/index.php\/wp-json\/wp\/v2\/comments?post=4243"}],"version-history":[{"count":0,"href":"https:\/\/monblogeur.tech\/index.php\/wp-json\/wp\/v2\/posts\/4243\/revisions"}],"wp:attachment":[{"href":"https:\/\/monblogeur.tech\/index.php\/wp-json\/wp\/v2\/media?parent=4243"}],"wp:term":[{"taxonomy":"category","embeddable":true,"href":"https:\/\/monblogeur.tech\/index.php\/wp-json\/wp\/v2\/categories?post=4243"},{"taxonomy":"post_tag","embeddable":true,"href":"https:\/\/monblogeur.tech\/index.php\/wp-json\/wp\/v2\/tags?post=4243"}],"curies":[{"name":"wp","href":"https:\/\/api.w.org\/{rel}","templated":true}]}}