{"id":4273,"date":"2022-03-04T07:47:04","date_gmt":"2022-03-04T06:47:04","guid":{"rendered":"https:\/\/monblogeur.tech\/index.php\/2022\/03\/04\/formation-joel-coulibaly-rejoint-le-srfc-stade-rennais-online\/"},"modified":"2022-03-04T07:47:04","modified_gmt":"2022-03-04T06:47:04","slug":"formation-joel-coulibaly-rejoint-le-srfc-stade-rennais-online","status":"publish","type":"post","link":"https:\/\/monblogeur.tech\/index.php\/2022\/03\/04\/formation-joel-coulibaly-rejoint-le-srfc-stade-rennais-online\/","title":{"rendered":"Formation : Jo\u00ebl Coulibaly rejoint le SRFC &#8211; Stade Rennais Online"},"content":{"rendered":"<div class=\"cfbc967f0983488262956e73eca9483a\" data-index=\"1\" style=\"float: none; margin:10px 0 10px 0; text-align:center;\">\n<script async src=\"https:\/\/pagead2.googlesyndication.com\/pagead\/js\/adsbygoogle.js?client=ca-pub-3859091246952232\" crossorigin=\"anonymous\"><\/script>\r\n<!-- blok -->\r\n<ins class=\"adsbygoogle\" data-ad-client=\"ca-pub-3859091246952232\" data-ad-slot=\"1334354390\"><\/ins>\r\n<script>\r\n     (adsbygoogle = window.adsbygoogle || []).push({});\r\n<\/script>\r\n\n<\/div>\n<p>Pensionnaire de l\u2019INF Clairefontaine, le jeune Jo\u00ebl Coulibaly a rejoint cette semaine le Stade rennais.<br \/><a href=\"https:\/\/www.instagram.com\/p\/Cam-8nQNNVY\/?utm_source=ig_embed&amp;utm_campaign=loading\" style=\"color:#c9c8cd;font-family:Arial,sans-serif;font-size:14px;font-style:normal;font-weight:normal;line-height:17px;text-decoration:none\" target=\"_blank\" rel=\"noopener\">Une publication partag\u00e9e par Jo\u00ebl Coulibaly (@j.coulibaly6)<\/a><br \/>Soutenez le travail d&rsquo;un journaliste sur Stade Rennais Online<br \/>Stade Rennais <span>Online<\/span><\/p>\n<p><a href=\"https:\/\/www.stade-rennais-online.com\/+Formation-Joel-Coulibaly-rejoint-le-SRFC+.html\">source<\/a><\/p>\n<!--CusAds0-->\n<div style=\"font-size: 0px; height: 0px; line-height: 0px; margin: 0; padding: 0; clear: both;\"><\/div>","protected":false},"excerpt":{"rendered":"<p>Pensionnaire de l\u2019INF Clairefontaine, le jeune Jo\u00ebl Coulibaly a rejoint cette semaine le Stade rennais.Une publication partag\u00e9e par Jo\u00ebl Coulibaly (@j.coulibaly6)Soutenez le travail d&rsquo;un journaliste sur Stade Rennais OnlineStade Rennais Online source<\/p>\n","protected":false},"author":1,"featured_media":0,"comment_status":"open","ping_status":"open","sticky":false,"template":"","format":"standard","meta":{"googlesitekit_rrm_CAow1sXXCw:productID":"","_jetpack_memberships_contains_paid_content":false,"footnotes":"","jetpack_publicize_message":"","jetpack_publicize_feature_enabled":true,"jetpack_social_post_already_shared":false,"jetpack_social_options":{"image_generator_settings":{"template":"highway","default_image_id":0,"font":"","enabled":false},"version":2}},"categories":[1],"tags":[],"class_list":["post-4273","post","type-post","status-publish","format-standard","hentry","category-non-classe"],"jetpack_publicize_connections":[],"jetpack_featured_media_url":"","jetpack_sharing_enabled":true,"_links":{"self":[{"href":"https:\/\/monblogeur.tech\/index.php\/wp-json\/wp\/v2\/posts\/4273","targetHints":{"allow":["GET"]}}],"collection":[{"href":"https:\/\/monblogeur.tech\/index.php\/wp-json\/wp\/v2\/posts"}],"about":[{"href":"https:\/\/monblogeur.tech\/index.php\/wp-json\/wp\/v2\/types\/post"}],"author":[{"embeddable":true,"href":"https:\/\/monblogeur.tech\/index.php\/wp-json\/wp\/v2\/users\/1"}],"replies":[{"embeddable":true,"href":"https:\/\/monblogeur.tech\/index.php\/wp-json\/wp\/v2\/comments?post=4273"}],"version-history":[{"count":0,"href":"https:\/\/monblogeur.tech\/index.php\/wp-json\/wp\/v2\/posts\/4273\/revisions"}],"wp:attachment":[{"href":"https:\/\/monblogeur.tech\/index.php\/wp-json\/wp\/v2\/media?parent=4273"}],"wp:term":[{"taxonomy":"category","embeddable":true,"href":"https:\/\/monblogeur.tech\/index.php\/wp-json\/wp\/v2\/categories?post=4273"},{"taxonomy":"post_tag","embeddable":true,"href":"https:\/\/monblogeur.tech\/index.php\/wp-json\/wp\/v2\/tags?post=4273"}],"curies":[{"name":"wp","href":"https:\/\/api.w.org\/{rel}","templated":true}]}}