{"id":436,"date":"2021-11-17T08:17:28","date_gmt":"2021-11-17T07:17:28","guid":{"rendered":"https:\/\/monblogeur.tech\/index.php\/2021\/11\/17\/trouver-une-formation-pres-de-chez-vous-gouvernement-fr\/"},"modified":"2021-11-17T08:17:28","modified_gmt":"2021-11-17T07:17:28","slug":"trouver-une-formation-pres-de-chez-vous-gouvernement-fr","status":"publish","type":"post","link":"https:\/\/monblogeur.tech\/index.php\/2021\/11\/17\/trouver-une-formation-pres-de-chez-vous-gouvernement-fr\/","title":{"rendered":"Trouver une formation pr\u00e8s de chez vous &#8211; Gouvernement.fr"},"content":{"rendered":"<div class=\"cfbc967f0983488262956e73eca9483a\" data-index=\"1\" style=\"float: none; margin:10px 0 10px 0; text-align:center;\">\n<script async src=\"https:\/\/pagead2.googlesyndication.com\/pagead\/js\/adsbygoogle.js?client=ca-pub-3859091246952232\" crossorigin=\"anonymous\"><\/script>\r\n<!-- blok -->\r\n<ins class=\"adsbygoogle\" data-ad-client=\"ca-pub-3859091246952232\" data-ad-slot=\"1334354390\"><\/ins>\r\n<script>\r\n     (adsbygoogle = window.adsbygoogle || []).push({});\r\n<\/script>\r\n\n<\/div>\n<p>Vous \u00eates \u00e0 la recherche d\u2019un projet professionnel, vous souhaitez faire le point sur vos comp\u00e9tences, consolider vos savoirs faire, apprendre un m\u00e9tier ou bien encore d\u00e9couvrir les cl\u00e9s pour r\u00e9ussir un entretien d\u2019embauche ? La formation professionnelle est l\u00e0 pour vous y aider. Retrouvez ici comment en b\u00e9n\u00e9ficier.<br \/>Le Gouvernement soutient la relance de l\u2019\u00e9conomie fran\u00e7aise et la formation aux m\u00e9tiers strat\u00e9giques et d\u2019avenir, \u00e0 travers notamment le Plan de relance de 100 milliards d\u2019euros, dont 1 milliard est consacr\u00e9 \u00e0 la formation des jeunes et des demandeurs d\u2019emploi au travers du Plan d\u2019investissement dans les comp\u00e9tences.<br \/>Un des objectifs du Plan de relance est de garantir \u00e0 chaque jeune une solution (un emploi, une mission, une formation), en facilitant son entr\u00e9e dans la vie professionnelle gr\u00e2ce \u00e0 des formations qui r\u00e9pondent aux besoins des entreprises et orientent vers les m\u00e9tiers d\u2019avenir.<br \/>Sauf mention contraire, tous les contenus de ce site sont sous licence <a class=\"rf-link-licence\" title=\"Licence etalab-2.0 sur le site etalab - nouvelle fen\u00eatre\" target=\"_blank\" href=\"https:\/\/www.etalab.gouv.fr\/licence-ouverte-open-licence\" rel=\"noopener\">etalab-2.0<\/a><\/p>\n<p><a href=\"https:\/\/www.gouvernement.fr\/les-actions-du-gouvernement\/economie-emploi\/trouver-une-formation-pres-de-chez-vous\">source<\/a><\/p>\n<!--CusAds0-->\n<div style=\"font-size: 0px; height: 0px; line-height: 0px; margin: 0; padding: 0; clear: both;\"><\/div>","protected":false},"excerpt":{"rendered":"<p>Vous \u00eates \u00e0 la recherche d\u2019un projet professionnel, vous souhaitez faire le point sur vos comp\u00e9tences, consolider vos savoirs faire, apprendre un m\u00e9tier ou bien encore d\u00e9couvrir les cl\u00e9s pour r\u00e9ussir un entretien d\u2019embauche ? La formation professionnelle est l\u00e0 pour vous y aider. Retrouvez ici comment en b\u00e9n\u00e9ficier.Le Gouvernement soutient la relance de l\u2019\u00e9conomie [&hellip;]<\/p>\n","protected":false},"author":1,"featured_media":0,"comment_status":"open","ping_status":"open","sticky":false,"template":"","format":"standard","meta":{"googlesitekit_rrm_CAow1sXXCw:productID":"","_jetpack_memberships_contains_paid_content":false,"footnotes":"","jetpack_publicize_message":"","jetpack_publicize_feature_enabled":true,"jetpack_social_post_already_shared":false,"jetpack_social_options":{"image_generator_settings":{"template":"highway","default_image_id":0,"font":"","enabled":false},"version":2}},"categories":[1],"tags":[],"class_list":["post-436","post","type-post","status-publish","format-standard","hentry","category-non-classe"],"jetpack_publicize_connections":[],"jetpack_featured_media_url":"","jetpack_sharing_enabled":true,"_links":{"self":[{"href":"https:\/\/monblogeur.tech\/index.php\/wp-json\/wp\/v2\/posts\/436","targetHints":{"allow":["GET"]}}],"collection":[{"href":"https:\/\/monblogeur.tech\/index.php\/wp-json\/wp\/v2\/posts"}],"about":[{"href":"https:\/\/monblogeur.tech\/index.php\/wp-json\/wp\/v2\/types\/post"}],"author":[{"embeddable":true,"href":"https:\/\/monblogeur.tech\/index.php\/wp-json\/wp\/v2\/users\/1"}],"replies":[{"embeddable":true,"href":"https:\/\/monblogeur.tech\/index.php\/wp-json\/wp\/v2\/comments?post=436"}],"version-history":[{"count":0,"href":"https:\/\/monblogeur.tech\/index.php\/wp-json\/wp\/v2\/posts\/436\/revisions"}],"wp:attachment":[{"href":"https:\/\/monblogeur.tech\/index.php\/wp-json\/wp\/v2\/media?parent=436"}],"wp:term":[{"taxonomy":"category","embeddable":true,"href":"https:\/\/monblogeur.tech\/index.php\/wp-json\/wp\/v2\/categories?post=436"},{"taxonomy":"post_tag","embeddable":true,"href":"https:\/\/monblogeur.tech\/index.php\/wp-json\/wp\/v2\/tags?post=436"}],"curies":[{"name":"wp","href":"https:\/\/api.w.org\/{rel}","templated":true}]}}