{"id":4403,"date":"2022-03-06T10:26:40","date_gmt":"2022-03-06T09:26:40","guid":{"rendered":"https:\/\/monblogeur.tech\/index.php\/2022\/03\/06\/toulon-universite-de-toulon-ceremonie-de-remise-du-label-by-cinav-la-lettre-economique-et-politique-de-paca-presse-agence\/"},"modified":"2022-03-06T10:26:40","modified_gmt":"2022-03-06T09:26:40","slug":"toulon-universite-de-toulon-ceremonie-de-remise-du-label-by-cinav-la-lettre-economique-et-politique-de-paca-presse-agence","status":"publish","type":"post","link":"https:\/\/monblogeur.tech\/index.php\/2022\/03\/06\/toulon-universite-de-toulon-ceremonie-de-remise-du-label-by-cinav-la-lettre-economique-et-politique-de-paca-presse-agence\/","title":{"rendered":"TOULON : Universit\u00e9 de Toulon &#8211; C\u00e9r\u00e9monie de remise du label By CINav &#8211; La lettre \u00e9conomique et politique de PACA &#8211; Presse Agence"},"content":{"rendered":"<div class=\"cfbc967f0983488262956e73eca9483a\" data-index=\"1\" style=\"float: none; margin:10px 0 10px 0; text-align:center;\">\n<script async src=\"https:\/\/pagead2.googlesyndication.com\/pagead\/js\/adsbygoogle.js?client=ca-pub-3859091246952232\" crossorigin=\"anonymous\"><\/script>\r\n<!-- blok -->\r\n<ins class=\"adsbygoogle\" data-ad-client=\"ca-pub-3859091246952232\" data-ad-slot=\"1334354390\"><\/ins>\r\n<script>\r\n     (adsbygoogle = window.adsbygoogle || []).push({});\r\n<\/script>\r\n\n<\/div>\n<p>C\u00e9r\u00e9monie de la Journ\u00e9e nationale d&rsquo;hommage aux victimes du terrorisme, vendredi 11 mars \u00e0 partir de 11h, devant le Monument aux Morts, M\u00f4le de la [&hellip;]<br \/>Un paradis sauvage, en communion avec la nature, les villas E Case di Mis\u00edncu vous offrent une r\u00e9elle \u00e9vasion pour les vacances d\u2019hiver !<br \/>Bienvenue sur le March\u00e9 virtuel d&rsquo;Est\u00e9rel C\u00f4te d&rsquo;Azur !<br \/>Cette \u0153uvre est mise en sc\u00e8ne pour la premi\u00e8re fois et Krzysztof Warlikowski resserre l\u2019intrigue autour de la famille et de ses secrets.<br \/>Je lis et j&rsquo;entends quelques militants de la Reconqu\u00eate au bord du d\u00e9couragement. Pour toutes sortes de raisons : un mot, une image qui leur [&hellip;]<br \/>Rencontres de la formation sur le site du Campus Formed, vendredi 11 mars \u00e0 14 heures, au Centre de formation des apprentis, 68 all\u00e9e des [&hellip;]<br \/>Jean CASTEX, Premier ministre, assistera \u00e0 l&rsquo;arriv\u00e9e du Train pour l&rsquo;Egalit\u00e9, de la Fondation des Femmes, \u00e0 l&rsquo;occasion du lancement de la Semaine de l&rsquo;Egalit\u00e9 [&hellip;]<br \/>UKRAINE \u2013 Une mission in\u00e9dite pour les b\u00e9n\u00e9voles de la Protection civile du Var. Depuis mardi, suite \u00e0 l\u2019appel lanc\u00e9 par l\u2019Association des Maires de [&hellip;]<br \/>Au regard des r\u00e9cents \u00e9v\u00e9nements qui se d\u00e9roulent en Ukraine, la F\u00e9d\u00e9ration fran\u00e7aise de handball, la Ligue Nationale masculine de Handball et la Ligue F\u00e9minine [&hellip;]<br \/>Depuis quelques semaines, le recrutement dans les secteurs de l&rsquo;h\u00f4tellerie-restauration, du tourisme et du commerce bat son plein pour pr\u00e9parer la saison estivale. Dans cette [&hellip;]<br \/><a href=\"http:\/\/lagazetteduvar.fr\/\" target=\"_blank\" rel=\"noopener\"><img decoding=\"async\" loading=\"lazy\" class=\"aligncenter wp-image-368016 size-full\" src=\"http:\/\/www.presseagence.fr\/lettre-economique-politique-paca\/files\/2019\/02\/encart_GDV_presseagence.jpg\" alt=\"\" width=\"270\" height=\"250\" \/><\/a><br \/><a href=\"http:\/\/www.pa-sport.fr\" target=\"_blank\" rel=\"noopener\"><img decoding=\"async\" loading=\"lazy\" class=\"aligncenter size-full wp-image-367061\" src=\"http:\/\/www.presseagence.fr\/lettre-economique-politique-paca\/files\/2019\/01\/pa-sport_bloc_wp.jpg\" alt=\"\" width=\"270\" height=\"250\" \/><\/a><br \/>                 Written by <a href=\"http:\/\/www.presseagence.fr\/lettre-economique-politique-paca\/author\/gilles\/\" title=\"La r\u00e9daction\">La r\u00e9daction<\/a>. Posted in <a href=\"http:\/\/www.presseagence.fr\/lettre-economique-politique-paca\/category\/infos-nationales\/\" rel=\"category tag\">INFOS NATIONALES<\/a>, <a href=\"http:\/\/www.presseagence.fr\/lettre-economique-politique-paca\/category\/les-news-de-paca\/\" rel=\"category tag\">LES NEWS DE PACA<\/a>, <a href=\"http:\/\/www.presseagence.fr\/lettre-economique-politique-paca\/category\/var\/\" rel=\"category tag\">VAR<\/a>            <br \/><strong><font color=\"blue\">Pour les industriels, le label \u00ab\u00a0By CINav\u00a0\u00bb garantit une employabilit\u00e9 et une int\u00e9gration rapide des futurs embauch\u00e9s.<\/font><\/strong><br \/><strong><font color=\"blue\"><img decoding=\"async\" loading=\"lazy\" alt=\"Universit\u00e9 1\" src=\"http:\/\/www.presseagence.fr\/lettre-economique-politique-paca\/files\/2022\/03\/universite1-13.jpg\" width=\"950\" height=\"633\" \/><\/font><\/strong><br \/>Pour les apprenants, il permet un acc\u00e8s privil\u00e9gi\u00e9 aux offres d&rsquo;alternances et de stage propos\u00e9es par les industriels partenaires.<br \/>Cette c\u00e9r\u00e9monie du 9 mars officialise la remise du label \u00ab\u00a0By CINav\u00a0\u00bb \u00e0 la licence professionnelle \u00ab\u00a0M\u00e9tiers de l&rsquo;Industrie Navale et Maritime\u00a0\u00bb (LP MINM) d\u00e9livr\u00e9e par l&rsquo;IUT de Toulon.<br \/> La fili\u00e8re des industriels de la mer, regroupant les professionnels du naval, du nautisme et des \u00e9nergies marines, est confront\u00e9e \u00e0 la fois \u00e0 des difficult\u00e9s de recrutement et \u00e0 un manque de comp\u00e9tences devenu structurel sur certains m\u00e9tiers cl\u00e9s, essentiellement ouvriers et techniciens (du dipl\u00f4me national du brevet \u00e0 Bac +3).<br \/>Or, les comp\u00e9tences exig\u00e9es sont rares et s\u2019acqui\u00e8rent dans la dur\u00e9e, qu\u2019il s\u2019agisse de la ma\u00eetrise des fondamentaux ou des connaissances des caract\u00e9ristiques et exigences de l\u2019industrie maritime.<br \/> Ce manque de comp\u00e9tences ne pouvant pas \u00eatre durablement compens\u00e9 par le travail d\u00e9tach\u00e9, seule la disponibilit\u00e9 d\u2019une main d&rsquo;oeuvre nationale qualifi\u00e9e ancr\u00e9e dans les territoires littoraux, avec des perspectives de carri\u00e8re motivantes sur le long terme, permettra d\u2019accompagner et de p\u00e9renniser la croissance de la fili\u00e8re et de son savoir-faire.<br \/> C\u2019est pourquoi, port\u00e9 par les professionnels de l\u2019\u00c9ducation nationale, de l\u2019AFPA et des P\u00f4les Formation UIMM, CINav travaille depuis 2019 \u00e0 faire \u00e9voluer les dispositifs de formation existants. La d\u00e9marche consiste \u00e0 apporter une coloration maritime aux formations et \u00e0 les labelliser, donnant alors de la visibilit\u00e9 et de la coh\u00e9rence \u00e0 ces parcours. Tout en r\u00e9novant l\u2019apprentissage, l\u2019alternance et le tutorat pour faciliter le recrutement des jeunes en formation et valoriser les perspectives de carri\u00e8res en entreprise, CINav permet aux industriels de sp\u00e9cifier leurs besoins qualitatifs et quantitatifs en comp\u00e9tences et aux op\u00e9rateurs de formation d\u2019adapter les dispositifs de formation en cons\u00e9quence.<br \/><strong>Le label by CINav<\/strong><br \/>Attribu\u00e9 par la communaut\u00e9 plurielle des partenaires de l\u2019association, le \u00ab label by CINav \u00bb donne de la visibilit\u00e9 et de la coh\u00e9rence aux formations ainsi enrichies. D\u00e9cern\u00e9 apr\u00e8s un processus rigoureux d\u2019audit r\u00e9alis\u00e9 par un bin\u00f4me constitu\u00e9 d\u2019un repr\u00e9sentant des industriels de la fili\u00e8re accompagn\u00e9 par un sp\u00e9cialiste de la formation professionnelle, il garantit la qualit\u00e9 de la formation. Le processus mis en place comprend des modules de formation permettant de suivre un cursus diff\u00e9renciant.<br \/> N\u00e9cessitant un investissement personnel accru, il permet \u00e0 l\u2019apprenant de s\u2019approprier les savoirs et comp\u00e9tences attendus par les industriels de la mer.<br \/> Ce cursus enrichi de formation, au format multimodal individualisable avec des supports num\u00e9riques mis \u00e0 disposition \u00ab cl\u00e9 en main \u00bb est g\u00e9r\u00e9 par CINav via une plateforme LMS (Learning Management System). Ce parcours d\u2019acculturation \u00e0 l\u2019environnement des industriels de la mer, nomm\u00e9 Tronc Commun, est adapt\u00e9 en fonction du m\u00e9tier et du niveau de qualification vis\u00e9. Un test de type TOEIC, conduit \u00e0 la d\u00e9livrance d\u2019un Certificat de Comp\u00e9tences des Industries de la Mer (CCIM) en fin de parcours, si le niveau attendu est atteint.<br \/> La r\u00e9ussite d\u2019un parcours de formation labellis\u00e9 by CINav certifie donc l\u2019excellence des comp\u00e9tences de l\u2019apprenant, sa connaissance du secteur professionnel, mais aussi ses valeurs et savoir-\u00eatre.<br \/> Pour les op\u00e9rateurs de formation, cette d\u00e9marche apporte une visibilit\u00e9 sur les besoins des industriels leur permettant d\u2019adapter le format des classes ouvertes. Elle valorise leurs pratiques et moyens p\u00e9dagogiques, pouvant leur offrir des opportunit\u00e9s de d\u00e9veloppement par l\u2019acquisition d\u2019une notori\u00e9t\u00e9 accrue.<br \/> Pour les industriels, le \u00ab label by CINav \u00bb garantit une employabilit\u00e9 et une int\u00e9gration rapide des futurs embauch\u00e9s.<br \/> Pour les apprenants, le label By CINav permet un acc\u00e8s privil\u00e9gi\u00e9 aux offres d\u2019alternances et de stage propos\u00e9es par les industriels partenaire de CINav.<br \/> Devenu r\u00e9f\u00e9rence dans la fili\u00e8re des industries de la mer, le label by CINav offre aux apprenants une visibilit\u00e9 sur les postes \u00e0 pourvoir, une insertion rapide et durable dans le m\u00e9tier vis\u00e9 et de r\u00e9elles opportunit\u00e9s de d\u00e9veloppement de carri\u00e8re.<br \/> Cette c\u00e9r\u00e9monie du 9 mars 2022 officialise la remise du label \u00ab By CINav \u00bb \u00e0 la licence professionnelle \u00ab M\u00e9tiers de l\u2019Industrie Navale et Maritime \u00bb d\u00e9livr\u00e9e par l\u2019IUT de Toulon.<br \/><strong>CAMPUS DES INDUSTRIES NAVALES<\/strong><br \/>Les industriels de la mer regroupent le GICAN pour les activit\u00e9s navales, la FIN pour les industries et services nautiques, EVOLEN et le SER pour les \u00e9nergies marines. Les entreprises de ces secteurs d\u2019activit\u00e9s sont confront\u00e9es \u00e0 la fois \u00e0 des difficult\u00e9s de recrutement et \u00e0 un manque de comp\u00e9tences devenu structurel sur certains m\u00e9tiers cl\u00e9s, essentiellement ouvriers et techniciens (du dipl\u00f4me national du brevet \u00e0 Bac +3). La fili\u00e8re des industries de la mer repr\u00e9sente aujourd\u2019hui 130 000 emplois et, selon les perspectives d\u2019embauches, repr\u00e9sentera 142 000 emplois en 2030. Ainsi, entre les cr\u00e9ations nettes d\u2019emplois et le remplacement des d\u00e9parts naturels, ce sont 72 000 recrutements qui seront n\u00e9cessaires d\u2019ici \u00e0 2030.<br \/> Seule la disponibilit\u00e9 d\u2019une main d\u2019\u0153uvre nationale qualifi\u00e9e ancr\u00e9e dans les territoires littoraux, avec des perspectives de carri\u00e8re motivantes sur le long terme, permettra d\u2019accompagner et de p\u00e9renniser la croissance de la fili\u00e8re et de son savoir-faire.<br \/><strong>C\u2019est la raison pour laquelle, en novembre 2017, une d\u00e9marche collective public\/priv\u00e9 a \u00e9t\u00e9 initi\u00e9e, r\u00e9unissant au 1er janvier 2021 23 partenaires :<\/strong><br \/>&#8211; 5 r\u00e9gions littorales (Normandie, Bretagne, Pays de la Loire, Nouvelle Aquitaine et Sud),<br \/> &#8211; 5 industriels ma\u00eetres d\u2019oeuvre du maritime implant\u00e9s dans ces r\u00e9gions (CMN, PIRIOU, Chantiers de l\u2019Atlantique, ECA Group et Naval Group),<br \/> &#8211; la Marine nationale,<br \/> &#8211; 5 rectorats des r\u00e9gions acad\u00e9miques partenaires repr\u00e9sentant le MENJ et le MESRI,<br \/> &#8211; DGEFP et P\u00f4le Emploi repr\u00e9sentant le minist\u00e8re du Travail,<br \/> &#8211; DAM repr\u00e9sentant le minist\u00e8re de la Mer,<br \/> &#8211; 3 f\u00e9d\u00e9rations professionnelles (Bretagne P\u00f4le Naval, GICAN, UIMM)<br \/> &#8211; 1 op\u00e9rateur de comp\u00e9tences et de formations : OPCO 2i.<br \/>Devenue association le 8 d\u00e9cembre 2018 (annonce 453 du JOAFE), cette initiative collective est nomm\u00e9e Campus des Industries Navales &#8211; CINav et fonctionne en mode projet. Dans le domaine Emploi\/Formation\/Comp\u00e9tences CINav est au c\u0153ur du Contrat Strat\u00e9gique de Fili\u00e8re des Industriels de la Mer, sign\u00e9 avec l\u2019\u00c9tat et les organisations syndicales en octobre 2018.<br \/> Ses objectifs reposent sur 3 piliers : l\u2019attractivit\u00e9 des m\u00e9tiers de la fili\u00e8re des industries de la mer, la construction d\u2019une ing\u00e9nierie de formation menant \u00e0 la maritimisation et la labellisation de formations, la mise en place d\u2019une Gestion Pr\u00e9visionnelle des Emplois et Comp\u00e9tences de la fili\u00e8re.<br \/> Retrouvez-nous sur <a href=\"http:\/\/www.cinav.fr\">www.cinav.fr<\/a><br \/>Ing\u00e9nierie de formation : une action commune entre professionnels de la formation et industriels<br \/> Afin de permettre aux industriels de sp\u00e9cifier leurs besoins qualitatifs et quantitatifs en comp\u00e9tences et adapter les dispositifs de formations en cons\u00e9quence, une premi\u00e8re identification des m\u00e9tiers en tension \u00e9tait r\u00e9alis\u00e9e d\u00e8s 2017 pour aboutir, lors de sa derni\u00e8re mise \u00e0 jour \u00e0 une liste de 30 professions sur lesquelles les efforts de CINav et de ses partenaires doivent porter particuli\u00e8rement.<br \/> Sur cette base, l\u2019\u00e9quipe ing\u00e9nierie de formation de CINav, compos\u00e9e de repr\u00e9sentants de l\u2019Education<br \/> nationale, de l\u2019AFPA et du P\u00f4le Formation UIMM m\u00e8ne une d\u00e9marche en plusieurs phases.<br \/> Etablir, par m\u00e9tier identifi\u00e9 en tension, un \u00e9tat de rapprochement entre les formations existantes adressant ces m\u00e9tiers et les exigences exprim\u00e9es par les industriels.<br \/> Mesurer l\u2019\u00e9cart entre les formations et les attendus des industriels, pr\u00e9sent\u00e9 aux certificateurs du domaine de la formation (\u00c9ducation nationale, DGEFP\u2026) en recueillant leurs avis et suggestions.<br \/> Mettre en \u0153uvre le processus de maritimisation et labellisation, visant \u00e0 rapprocher les contenus des formations existantes des attentes des industriels. Cette action a d\u00e9marr\u00e9 par la d\u00e9finition<br \/> des objectifs et les crit\u00e8res d\u2019\u00e9ligibilit\u00e9 des formations retenues. Une charte qualit\u00e9 a ainsi \u00e9t\u00e9 r\u00e9dig\u00e9e, avec, in fine, pour objectifs, de garantir l\u2019employabilit\u00e9 des apprenants, favoriser l\u2019insertion professionnelle, renforcer l\u2019attractivit\u00e9 des formations et rapprocher les acteurs de la formation et les industriels de la mer.<br \/> La maritimisation des formations<br \/> Les enjeux tournent autour du renforcement des fondamentaux th\u00e9oriques et des temps de pratique ainsi que d\u2019une connaissance technique de l\u2019environnement maritime, l\u2019\u00e9conomie, les<br \/> nouvelles technologies et la ma\u00eetrise de l\u2019anglais technique. En compl\u00e9ment, l\u2019enseignement des comportements, valeurs et savoir-\u00eatre propres \u00e0 l\u2019industrie maritime permettra de cr\u00e9er un esprit de communaut\u00e9.<br \/> Ce dispositif se traduit concr\u00e8tement par le d\u00e9veloppement de trois ensembles :<br \/> o Ensemble 1 \u2013 Cr\u00e9er des blocs de comp\u00e9tence pour r\u00e9duire les \u00e9carts, pour un m\u00e9tier donn\u00e9, entre exigences des industriels et r\u00e9f\u00e9rentiels p\u00e9dagogiques des formations l\u2019adressant,<br \/> o Ensemble 2 \u2013 Concevoir et r\u00e9aliser un tronc commun de savoirs enseign\u00e9s en elearning<br \/> avec test de connaissance (type TOEIC) et transverses \u00e0 tous les m\u00e9tiers,<br \/> o Ensemble 3 \u2013 Concevoir et r\u00e9aliser un s\u00e9minaire d\u2019acculturation \u00ab esprit d\u2019\u00e9quipage \u00bb<br \/> pour cr\u00e9er la notion d\u2019appartenance \u00e0 la communaut\u00e9 du maritime.<br \/> La labellisation de ces formations \u00ab color\u00e9es maritime \u00bb<br \/> La cr\u00e9ation du label by CINav donne de la visibilit\u00e9 et de la coh\u00e9rence dans les formations conduisant aux m\u00e9tiers de la fili\u00e8re. Adress\u00e9 \u00e0 une formation sp\u00e9cifique, il est attribu\u00e9 apr\u00e8s audit<br \/> pour une dur\u00e9e de 3 ans renouvelables.<br \/> Cet audit doit permettre de v\u00e9rifier la dispense d\u2019un contenu p\u00e9dagogique r\u00e9pondant aux attentes des industriels. Il peut mener \u00e0 l\u2019introduction de modules compl\u00e9mentaires visant \u00e0 combler les<br \/> \u00e9carts entre les besoins en comp\u00e9tences recherch\u00e9es et les r\u00e9f\u00e9rentiels p\u00e9dagogiques existants.<br \/> Il peut enfin conduire \u00e0 la d\u00e9livrance de recommandations dans l\u2019am\u00e9nagement d\u2019un plateau<br \/> technique repr\u00e9sentatif des conditions de travail des industries de la mer.<br \/> Le label \u00ab by CINav \u00bb est adoss\u00e9 \u00e0 une charte, engageant l\u2019organisme de formation \u00e0 :<br \/> Assurer l\u2019enseignement des modules compl\u00e9mentaires et mettre en oeuvre les \u00e9valuations associ\u00e9es fournies par CINav.<br \/> S\u2019assurer que les activit\u00e9s pratiques confi\u00e9es \u00e0 l\u2019apprenant par son entreprise d\u2019accueil soient en ad\u00e9quation avec le m\u00e9tier vis\u00e9 et le dipl\u00f4me pr\u00e9par\u00e9.<br \/> Dispenser aux apprenants un enseignement pratique contextualis\u00e9 \u00e0 l\u2019aide de TP se d\u00e9roulant au sein d\u2019un plateau technique reproduisant autant que possible l\u2019environnement naval.<br \/> Former le personnel enseignant<br \/><strong>Attribu\u00e9 par la communaut\u00e9 plurielle des acteurs de CINav, le label doit apporter :<\/strong><br \/>Aux industriels une garantie d\u2019employabilit\u00e9 des apprenants,<br \/> Aux op\u00e9rateurs de formations une visibilit\u00e9 sur les besoins des industriels afin d\u2019adapter le format des classes ouvertes,<br \/> Aux futurs apprenants une visibilit\u00e9 sur les postes \u00e0 pourvoir<br \/><strong>Le P\u00f4le Formation UIMM SUD<\/strong><br \/>Leader et acteur incontournable de la formation professionnelle aux m\u00e9tiers industriels en R\u00e9gion SUDProvence-Alpes-C\u00f4te d\u2019Azur, le P\u00f4le Formation dispose d\u2019un site de 13 000 m\u00b2 sur Istres ainsi que d\u2019une vingtaine antennes partenaires dans toute la R\u00e9gion SUD en lien avec les \u00e9tablissements de l\u2019\u00c9ducation nationale, \u00c9coles d\u2019ing\u00e9nieur, structures d\u2019enseignement sup\u00e9rieur li\u00e9es aux universit\u00e9s. L&rsquo;objectif est de former sur-mesure et en \u00ab juste temps \u00bb les futurs salari\u00e9s de nos partenaires industriels, en connexion directe avec les derni\u00e8res avanc\u00e9es technologiques, num\u00e9riques, digitales et robotiques de l\u2019industrie du Futur.<br \/><strong>Les outils et dispositifs p\u00e9dagogiques int\u00e8grent les ing\u00e9nieries les plus r\u00e9centes et les plus innovantes :<\/strong><br \/>l\u2019approche par probl\u00e8me et par projets (APP), les classes invers\u00e9es, le profilage sociocognitif, la gamification, les actions de formation en situation de travail (AFEST) ainsi que nos plateformes num\u00e9riques p\u00e9dagogiques interactives AGORA et EASI.<br \/><strong>Le P\u00f4le Formation UIMM SUD en chiffres :<\/strong><br \/>\u2022 1 site principal \u00e0 Istres (13 000 m\u00b2 de plateaux et d\u2019ateliers)<br \/> \u2022 20 antennes r\u00e9gionales, en partenariat avec la R\u00e9gion acad\u00e9mique PACA, les \u00c9coles d\u2019ing\u00e9nieurs, les Universit\u00e9s et les Campus des M\u00e9tiers et des Qualifications.<br \/> \u2022 1 500 alternants form\u00e9s chaque ann\u00e9e en r\u00e9gion SUD<br \/> \u2022 1 800 salari\u00e9s d\u2019entreprise form\u00e9s chaque ann\u00e9e en r\u00e9gion SUD<br \/> \u2022 15 000 recrutements pr\u00e9vus dans toutes les industries en R\u00e9gion SUD sur les 12 prochains mois<br \/> \u2022 Un r\u00e9seau de 1 500 entreprises industrielles partenaires.<br \/> \u2022 Une offre de formations compl\u00e8tes en apprentissage et en contrats de professionnalisation du CAP au dipl\u00f4me d\u2019ing\u00e9nieur en passant par les titres professionnels, CQPM.<br \/>Labellisation by CINAV de la LICENCE PROFESSIONNELLE M\u00e9tiers de l\u2019Industrie Navale et Maritime (MINM), Sp\u00e9cialit\u00e9 Maintenance Navale. Ce dipl\u00f4me tr\u00e8s pris\u00e9 des entreprises industrielles \u00e9voluant dans les champs du maritime et du naval a \u00e9t\u00e9 co-construit avec nos partenaires du CINAV, de l\u2019Universit\u00e9 de Toulon, de l\u2019IUT de la Garde, du P\u00f4le Mer M\u00e9diterran\u00e9e ainsi que du Campus des M\u00e9tiers et des Qualifications Economie de la mer, sous l\u2019\u00e9gide du Conseil r\u00e9gional SUD-PACA. Les alternants sont en contrat dans les entreprises et structures suivantes : Naval Group, CNIM, Chantier naval de Marseille, CIMAT-SARTEC, FOSELEV-Marine, GENAVIR-IFREMER, Intrados, MB92, Seanergy, Minist\u00e8re des Arm\u00e9es, Seco Global services\u2026<br \/> Cette formation sup\u00e9rieure pr\u00e9pare aux m\u00e9tiers suivants : Pr\u00e9parateur dans le cadre d\u2019interventions de maintenance sur navire &#8211; Charg\u00e9 de travaux (agent de ma\u00eetrise) sp\u00e9cialis\u00e9 dans le domaine du maritime &#8211; Charg\u00e9 d\u2019affaires dans le cadre d\u2019activit\u00e9s de maintenance dans le domaine naval.<br \/><a href=\"http:\/\/www.formation-industries-paca.fr\">www.formation-industries-paca.fr<\/a><br \/><strong>L\u2019Universit\u00e9 de Toulon<\/strong><br \/>L\u2019Universit\u00e9 de Toulon (UTLN) est une universit\u00e9 jeune et dynamique qui a f\u00eat\u00e9 ses 50 ans en 2018. Forte de son axe identitaire centr\u00e9 sur les soci\u00e9t\u00e9s m\u00e9diterran\u00e9ennes et les sciences de la mer, elle s\u2019appuie sur ses liens avec les acteurs de son territoire afin de proposer une offre de formation et des activit\u00e9s de recherche en ad\u00e9quation avec leurs attentes. Ces derni\u00e8res ann\u00e9es, des partenariats ont \u00e9t\u00e9 sign\u00e9s avec, notamment, la Marine nationale, Naval group, Sopra Steria, l\u2019IHEDN et le Parc national de Port-Cros afin de resserrer les liens entre les enseignants-chercheurs de l\u2019UTLN et ces acteurs de l\u2019\u00e9conomie varoise, permettre une meilleure insertion professionnelle des \u00e9tudiants et b\u00e9n\u00e9ficier de l\u2019exp\u00e9rience de terrain de professionnels afin que l\u2019UTLN adapte ses enseignements aux besoins r\u00e9els des entreprises.<br \/> L\u2019UTLN anime \u00e9galement le Campus des M\u00e9tiers et des Qualifications d\u2019Excellence (CMQE) \u00ab \u00c9conomie de la mer \u00bb, un dispositif national qui a pour objectif de f\u00e9d\u00e9rer les diff\u00e9rents acteurs de la formation et de la fili\u00e8re \u00e9conomique pour faciliter l\u2019insertion des jeunes dans l\u2019emploi et la mont\u00e9e en comp\u00e9tence des entreprises. La licence professionnelle MINM compte parmi les formations labellis\u00e9es par le CMQE.<br \/> Avec pr\u00e8s de 500 enseignants-chercheurs r\u00e9partis dans 14 laboratoires de recherche en sciences et technologies ainsi qu\u2019en sciences humaines et sociales, la recherche \u00e0 l\u2019Universit\u00e9 de Toulon se d\u00e9veloppe autour de ses trois p\u00f4les th\u00e9matiques : Mer, Environnement et D\u00e9veloppement Durable ; \u00c9changes et Soci\u00e9t\u00e9s M\u00e9diterran\u00e9ennes ; Information, Num\u00e9rique, Pr\u00e9vention.<br \/> L\u2019UTLN est \u00e9galement partenaire de plusieurs projets issus d\u2019Interreg Maritimo, un programme europ\u00e9en de coop\u00e9ration transfrontali\u00e8re, \u00e0 dimension maritime visant \u00e0 am\u00e9liorer la coop\u00e9ration dans les domaines de l\u2019accessibilit\u00e9, de l\u2019innovation, de la valorisation des ressources naturelles et culturelles. Ces projets visent notamment \u00e0 proposer une solution aux probl\u00e8mes d\u2019ensablement des ports, \u00e0 mettre au point des plans de gestion transfrontali\u00e8res pour prot\u00e9ger les aires marines, l\u2019analyse des microplastiques, la gestion des eaux portuaires, la s\u00e9curit\u00e9 maritime ou encore la dynamique du transport de polluants par les courants. Sa recherche oc\u00e9anographique vient d\u2019int\u00e9grer le TOP 100 du classement th\u00e9matique de Shanghai.<br \/><a href=\"http:\/\/www.univ-tln.fr\">www.univ-tln.fr<\/a><\/p>\n<p> REMISE DU LABEL BY CINAV<br \/> Licence professionnelle \u00ab M\u00e9tiers de l\u2019Industrie Navale et Maritime \u00bb<br \/> C\u00e9r\u00e9monie de remise du \u00ab Label by CINav \u00bb<br \/><b>Directeur de la Publication<\/b> :<br \/>  Gilles Carvoyeur redaction@presseagence.fr<br \/><b>R\u00e9dacteurs<\/b> :<br \/> Julien Azoulai, Bernard Bertucco Van Damme, Thierry Cari, Pascal Jolliet,<br \/> Nicolas Tudort, Greg Vuylsteker, Francine Marie<br \/><b>Photographes<\/b> :<br \/> Pascal Azoulai, Olivier Lalanne, Philippe Olivier, Julien Azoulai, Alain Blanchot<br \/><b>Administrateur Web<\/b> :<br \/> Pascal Jolliet<br \/><b>R\u00e9dactrices Web<\/b> :<br \/> Shirley Corrado, Floriane Dumont<br \/><b>Secr\u00e9taire de r\u00e9daction<\/b> :<br \/> Marie Bruel redactionlalonde@presseagence.fr<br \/><b>Consultant Juridique<\/b> :<br \/> Morgan Maginot, avocat au barreau de Toulon  contact@mdmaginot-avocat.fr<br \/>Code APE : 913 E &#8211; N\u00b0 SIREN : 439 801 523<br \/>Pour nous \u00e9crire : <a href=\"mailto:redaction@presseagence.fr\">redaction@presseagence.fr<\/a><br \/>Fr\u00e9quentation mensuelle moyenne : 75 000 visites uniques<br \/><i>Copyright ADIM : Toute reproduction interdite<\/i><\/p>\n<p><a href=\"http:\/\/www.presseagence.fr\/lettre-economique-politique-paca\/2022\/03\/05\/toulon-universite-de-toulon-ceremonie-de-remise-du-label-by-cinav\/\">source<\/a><\/p>\n<!--CusAds0-->\n<div style=\"font-size: 0px; height: 0px; line-height: 0px; margin: 0; padding: 0; clear: both;\"><\/div>","protected":false},"excerpt":{"rendered":"<p>C\u00e9r\u00e9monie de la Journ\u00e9e nationale d&rsquo;hommage aux victimes du terrorisme, vendredi 11 mars \u00e0 partir de 11h, devant le Monument aux Morts, M\u00f4le de la [&hellip;]Un paradis sauvage, en communion avec la nature, les villas E Case di Mis\u00edncu vous offrent une r\u00e9elle \u00e9vasion pour les vacances d\u2019hiver !Bienvenue sur le March\u00e9 virtuel d&rsquo;Est\u00e9rel C\u00f4te [&hellip;]<\/p>\n","protected":false},"author":1,"featured_media":0,"comment_status":"open","ping_status":"open","sticky":false,"template":"","format":"standard","meta":{"googlesitekit_rrm_CAow1sXXCw:productID":"","_jetpack_memberships_contains_paid_content":false,"footnotes":"","jetpack_publicize_message":"","jetpack_publicize_feature_enabled":true,"jetpack_social_post_already_shared":false,"jetpack_social_options":{"image_generator_settings":{"template":"highway","default_image_id":0,"font":"","enabled":false},"version":2}},"categories":[1],"tags":[],"class_list":["post-4403","post","type-post","status-publish","format-standard","hentry","category-non-classe"],"jetpack_publicize_connections":[],"jetpack_featured_media_url":"","jetpack_sharing_enabled":true,"_links":{"self":[{"href":"https:\/\/monblogeur.tech\/index.php\/wp-json\/wp\/v2\/posts\/4403","targetHints":{"allow":["GET"]}}],"collection":[{"href":"https:\/\/monblogeur.tech\/index.php\/wp-json\/wp\/v2\/posts"}],"about":[{"href":"https:\/\/monblogeur.tech\/index.php\/wp-json\/wp\/v2\/types\/post"}],"author":[{"embeddable":true,"href":"https:\/\/monblogeur.tech\/index.php\/wp-json\/wp\/v2\/users\/1"}],"replies":[{"embeddable":true,"href":"https:\/\/monblogeur.tech\/index.php\/wp-json\/wp\/v2\/comments?post=4403"}],"version-history":[{"count":0,"href":"https:\/\/monblogeur.tech\/index.php\/wp-json\/wp\/v2\/posts\/4403\/revisions"}],"wp:attachment":[{"href":"https:\/\/monblogeur.tech\/index.php\/wp-json\/wp\/v2\/media?parent=4403"}],"wp:term":[{"taxonomy":"category","embeddable":true,"href":"https:\/\/monblogeur.tech\/index.php\/wp-json\/wp\/v2\/categories?post=4403"},{"taxonomy":"post_tag","embeddable":true,"href":"https:\/\/monblogeur.tech\/index.php\/wp-json\/wp\/v2\/tags?post=4403"}],"curies":[{"name":"wp","href":"https:\/\/api.w.org\/{rel}","templated":true}]}}