{"id":4501,"date":"2022-03-08T09:10:44","date_gmt":"2022-03-08T08:10:44","guid":{"rendered":"https:\/\/monblogeur.tech\/index.php\/2022\/03\/08\/paris-journee-internationale-des-droits-des-femmes-comment-evoluer-en-entreprise-grace-a-la-formation-la-lettre-economique-et-politique-de-paca-presse-agence\/"},"modified":"2022-03-08T09:10:44","modified_gmt":"2022-03-08T08:10:44","slug":"paris-journee-internationale-des-droits-des-femmes-comment-evoluer-en-entreprise-grace-a-la-formation-la-lettre-economique-et-politique-de-paca-presse-agence","status":"publish","type":"post","link":"https:\/\/monblogeur.tech\/index.php\/2022\/03\/08\/paris-journee-internationale-des-droits-des-femmes-comment-evoluer-en-entreprise-grace-a-la-formation-la-lettre-economique-et-politique-de-paca-presse-agence\/","title":{"rendered":"PARIS : Journ\u00e9e Internationale des droits des femmes, comment \u00e9voluer en entreprise gr\u00e2ce \u00e0 la formation ? &#8211; La lettre \u00e9conomique et politique de PACA &#8211; Presse Agence"},"content":{"rendered":"<div class=\"cfbc967f0983488262956e73eca9483a\" data-index=\"1\" style=\"float: none; margin:10px 0 10px 0; text-align:center;\">\n<script async src=\"https:\/\/pagead2.googlesyndication.com\/pagead\/js\/adsbygoogle.js?client=ca-pub-3859091246952232\" crossorigin=\"anonymous\"><\/script>\r\n<!-- blok -->\r\n<ins class=\"adsbygoogle\" data-ad-client=\"ca-pub-3859091246952232\" data-ad-slot=\"1334354390\"><\/ins>\r\n<script>\r\n     (adsbygoogle = window.adsbygoogle || []).push({});\r\n<\/script>\r\n\n<\/div>\n<p>La m\u00e9t\u00e9o de notre r\u00e9gion par Thierry CARI. Ce mardi sera un peu \u00e0 l&rsquo;image de la journ\u00e9e d&rsquo;hier, marqu\u00e9e par l&rsquo;arriv\u00e9e de nuages vers [&hellip;]<br \/>Visant \u00e0 terme l\u2019AOC Village, les Bourgogne C\u00f4tes du Couchois modernisent leur image avec un tout nouveau logo.<br \/>La Chambre d\u2019Agriculture du Var, en partenariat avec la FDSEA du Var, P\u00f4le emploi Le Cannet C\u0153ur du Var et OCAPIAT, organise un job dating [&hellip;]<br \/>Boulogne-Billancourt fut le berceau des deux premiers studios modernes du cin\u00e9ma fran\u00e7ais : ceux de Billancourt, install\u00e9s il y a tout juste un si\u00e8cle, puis [&hellip;]<br \/>Biocorp\u00a0est une soci\u00e9t\u00e9 qui\u00a0con\u00e7oit, d\u00e9veloppe, produit des syst\u00e8mes de d\u00e9livrance et des dispositifs m\u00e9dicaux innovants\u00a0comme\u00a0Mallya\u00a0qui facilite le quotidien des patients diab\u00e9tiques.<br \/>La guerre en Ukraine et les sanctions prises par l&rsquo;Union europ\u00e9enne \u00e0 l&rsquo;\u00e9gard de la Russie et de ses dirigeants auront des r\u00e9percussions sur les [&hellip;]<br \/>Pr\u00e9sentation du dispositif de collecte de dons lanc\u00e9e par la M\u00e9tropole Nice C\u00f4te d&rsquo;Azur et d\u00e9parts des camions vers l&rsquo;Ukraine. Face \u00e0 la crise en [&hellip;]<br \/>A l&rsquo;occasion de la journ\u00e9e internationale des droits des femmes, Am\u00e9lie de MONTCHALIN, ministre de la transformation et de la fonction publiques, r\u00e9unit deux tables [&hellip;]<br \/>Marl\u00e8ne SCHIAPPA, ministre d\u00e9l\u00e9gu\u00e9e aupr\u00e8s du ministre de l&rsquo;Int\u00e9rieur, charg\u00e9e de la Citoyennet\u00e9 se rendra au centre d&rsquo;accueil des r\u00e9fugi\u00e9s ukrainiens de Paris, mardi 8 [&hellip;]<br \/>Christian ESTROSI, maire de Nice, pr\u00e9sident de la M\u00e9tropole Nice C\u00f4te d&rsquo;Azur, a pr\u00e9sid\u00e9 ce lundi 9 f\u00e9vrier 2022 une c\u00e9r\u00e9monie de remerciements aux acteurs [&hellip;]<br \/><a href=\"http:\/\/lagazetteduvar.fr\/\" target=\"_blank\" rel=\"noopener\"><img decoding=\"async\" loading=\"lazy\" class=\"aligncenter wp-image-368016 size-full\" src=\"http:\/\/www.presseagence.fr\/lettre-economique-politique-paca\/files\/2019\/02\/encart_GDV_presseagence.jpg\" alt=\"\" width=\"270\" height=\"250\" \/><\/a><br \/><a href=\"http:\/\/www.pa-sport.fr\" target=\"_blank\" rel=\"noopener\"><img decoding=\"async\" loading=\"lazy\" class=\"aligncenter size-full wp-image-367061\" src=\"http:\/\/www.presseagence.fr\/lettre-economique-politique-paca\/files\/2019\/01\/pa-sport_bloc_wp.jpg\" alt=\"\" width=\"270\" height=\"250\" \/><\/a><br \/>                 Written by <a href=\"http:\/\/www.presseagence.fr\/lettre-economique-politique-paca\/author\/floriane\/\" title=\"Floriane\">Floriane<\/a>. Posted in <a href=\"http:\/\/www.presseagence.fr\/lettre-economique-politique-paca\/category\/infos-nationales\/\" rel=\"category tag\">INFOS NATIONALES<\/a>            <br \/><span style=\"color: #0000ff\"><strong>La journ\u00e9e du 8 mars sera, comme tous les ans, d\u00e9di\u00e9e aux droits des femmes.<\/strong><\/span><br \/><span id=\"more-564496\"><\/span><br \/>L\u2019occasion d\u2019\u00e9voquer les diff\u00e9rences qui existent entre le parcours professionnel des femmes et celui des hommes. Aujourd\u2019hui plus dipl\u00f4m\u00e9es que les hommes, elles occupent des postes hi\u00e9rarchiquement moins \u00e9lev\u00e9s en entreprise : les femmes repr\u00e9sentent moins de 21% des comit\u00e9s ex\u00e9cutifs des entreprises du CAC40 . Parmi les obstacles \u00e0 leur \u00e9volution professionnelle : cong\u00e9 maternit\u00e9, sexisme, plafond de verre, etc. D\u00e8s lors, comment peut-on aujourd\u2019hui relever le d\u00e9fi de leur \u00e9volution professionnelle et quel r\u00f4le peut jouer la formation ?<br \/><a href=\"http:\/\/extranet.escalconsulting.com\/cp\/cp.php?idcp=9895&amp;user=222210&amp;part=3160\">La formation professionnelle : un outil n\u00e9cessaire pour booster la confiance en soi<\/a><br \/><a href=\"http:\/\/extranet.escalconsulting.com\/cp\/cp.php?idcp=9895&amp;user=222210&amp;part=3161\">D\u00e9velopper ses comp\u00e9tences et s\u2019adapter au march\u00e9 de l\u2019emploi<\/a><br \/><a href=\"http:\/\/extranet.escalconsulting.com\/cp\/cp.php?idcp=9895&amp;user=222210&amp;part=3162\">Demos accompagne les femmes pour r\u00e9ussir leur \u00e9volution de carri\u00e8re<\/a><br \/><a href=\"http:\/\/extranet.escalconsulting.com\/cp\/cp.php?idcp=9895&amp;user=222210&amp;part=3163\">A propos de Demos<\/a><\/p>\n<p><b>Directeur de la Publication<\/b> :<br \/>  Gilles Carvoyeur redaction@presseagence.fr<br \/><b>R\u00e9dacteurs<\/b> :<br \/> Julien Azoulai, Bernard Bertucco Van Damme, Thierry Cari, Pascal Jolliet,<br \/> Nicolas Tudort, Greg Vuylsteker, Francine Marie<br \/><b>Photographes<\/b> :<br \/> Pascal Azoulai, Olivier Lalanne, Philippe Olivier, Julien Azoulai, Alain Blanchot<br \/><b>Administrateur Web<\/b> :<br \/> Pascal Jolliet<br \/><b>R\u00e9dactrices Web<\/b> :<br \/> Shirley Corrado, Floriane Dumont<br \/><b>Secr\u00e9taire de r\u00e9daction<\/b> :<br \/> Marie Bruel redactionlalonde@presseagence.fr<br \/><b>Consultant Juridique<\/b> :<br \/> Morgan Maginot, avocat au barreau de Toulon  contact@mdmaginot-avocat.fr<br \/>Code APE : 913 E &#8211; N\u00b0 SIREN : 439 801 523<br \/>Pour nous \u00e9crire : <a href=\"mailto:redaction@presseagence.fr\">redaction@presseagence.fr<\/a><br \/>Fr\u00e9quentation mensuelle moyenne : 75 000 visites uniques<br \/><i>Copyright ADIM : Toute reproduction interdite<\/i><\/p>\n<p><a href=\"http:\/\/www.presseagence.fr\/lettre-economique-politique-paca\/2022\/03\/07\/paris-journee-internationale-des-droits-des-femmes-comment-evoluer-en-entreprise-grace-a-la-formation\/\">source<\/a><\/p>\n<!--CusAds0-->\n<div style=\"font-size: 0px; height: 0px; line-height: 0px; margin: 0; padding: 0; clear: both;\"><\/div>","protected":false},"excerpt":{"rendered":"<p>La m\u00e9t\u00e9o de notre r\u00e9gion par Thierry CARI. Ce mardi sera un peu \u00e0 l&rsquo;image de la journ\u00e9e d&rsquo;hier, marqu\u00e9e par l&rsquo;arriv\u00e9e de nuages vers [&hellip;]Visant \u00e0 terme l\u2019AOC Village, les Bourgogne C\u00f4tes du Couchois modernisent leur image avec un tout nouveau logo.La Chambre d\u2019Agriculture du Var, en partenariat avec la FDSEA du Var, P\u00f4le [&hellip;]<\/p>\n","protected":false},"author":1,"featured_media":0,"comment_status":"open","ping_status":"open","sticky":false,"template":"","format":"standard","meta":{"googlesitekit_rrm_CAow1sXXCw:productID":"","_jetpack_memberships_contains_paid_content":false,"footnotes":"","jetpack_publicize_message":"","jetpack_publicize_feature_enabled":true,"jetpack_social_post_already_shared":false,"jetpack_social_options":{"image_generator_settings":{"template":"highway","default_image_id":0,"font":"","enabled":false},"version":2}},"categories":[1],"tags":[],"class_list":["post-4501","post","type-post","status-publish","format-standard","hentry","category-non-classe"],"jetpack_publicize_connections":[],"jetpack_featured_media_url":"","jetpack_sharing_enabled":true,"_links":{"self":[{"href":"https:\/\/monblogeur.tech\/index.php\/wp-json\/wp\/v2\/posts\/4501","targetHints":{"allow":["GET"]}}],"collection":[{"href":"https:\/\/monblogeur.tech\/index.php\/wp-json\/wp\/v2\/posts"}],"about":[{"href":"https:\/\/monblogeur.tech\/index.php\/wp-json\/wp\/v2\/types\/post"}],"author":[{"embeddable":true,"href":"https:\/\/monblogeur.tech\/index.php\/wp-json\/wp\/v2\/users\/1"}],"replies":[{"embeddable":true,"href":"https:\/\/monblogeur.tech\/index.php\/wp-json\/wp\/v2\/comments?post=4501"}],"version-history":[{"count":0,"href":"https:\/\/monblogeur.tech\/index.php\/wp-json\/wp\/v2\/posts\/4501\/revisions"}],"wp:attachment":[{"href":"https:\/\/monblogeur.tech\/index.php\/wp-json\/wp\/v2\/media?parent=4501"}],"wp:term":[{"taxonomy":"category","embeddable":true,"href":"https:\/\/monblogeur.tech\/index.php\/wp-json\/wp\/v2\/categories?post=4501"},{"taxonomy":"post_tag","embeddable":true,"href":"https:\/\/monblogeur.tech\/index.php\/wp-json\/wp\/v2\/tags?post=4501"}],"curies":[{"name":"wp","href":"https:\/\/api.w.org\/{rel}","templated":true}]}}