{"id":488,"date":"2021-11-17T16:32:11","date_gmt":"2021-11-17T15:32:11","guid":{"rendered":"https:\/\/monblogeur.tech\/index.php\/2021\/11\/17\/formation-professionnelle-la-cftc-signe-lacni-cftc\/"},"modified":"2021-11-17T16:32:11","modified_gmt":"2021-11-17T15:32:11","slug":"formation-professionnelle-la-cftc-signe-lacni-cftc","status":"publish","type":"post","link":"https:\/\/monblogeur.tech\/index.php\/2021\/11\/17\/formation-professionnelle-la-cftc-signe-lacni-cftc\/","title":{"rendered":"Formation professionnelle : la CFTC signe l&#039;ACNI &#8211; CFTC"},"content":{"rendered":"<div class=\"cfbc967f0983488262956e73eca9483a\" data-index=\"1\" style=\"float: none; margin:10px 0 10px 0; text-align:center;\">\n<script async src=\"https:\/\/pagead2.googlesyndication.com\/pagead\/js\/adsbygoogle.js?client=ca-pub-3859091246952232\" crossorigin=\"anonymous\"><\/script>\r\n<!-- blok -->\r\n<ins class=\"adsbygoogle\" data-ad-client=\"ca-pub-3859091246952232\" data-ad-slot=\"1334354390\"><\/ins>\r\n<script>\r\n     (adsbygoogle = window.adsbygoogle || []).push({});\r\n<\/script>\r\n\n<\/div>\n<p><span><span><a href=\"https:\/\/www.cftc.fr\/\">Accueil<\/a> &#8211; <span><a href=\"https:\/\/www.cftc.fr\/actualites\">Actualit\u00e9s<\/a> &#8211; <span class=\"breadcrumb_last\">Formation professionnelle\u00a0: la CFTC signe l\u2019ACNI<\/span><\/span><\/span><\/span><br \/>                             28 octobre 2021 |                             <span class=\"cat\">Communiqu\u00e9s de presse<\/span><span class=\"cat\">Espace presse<\/span>                        <br \/>Les instances de la CFTC ont d\u00e9cid\u00e9 ce jour \u00e0 l\u2019unanimit\u00e9 de signer l\u2019accord cadre national interprofessionnel relatif \u00e0 la formation professionnelle.<br \/><img loading=\"lazy\" decoding=\"async\" width=\"900\" height=\"600\" src=\"https:\/\/www.cftc.fr\/wp-content\/uploads\/2021\/10\/conference-presse.jpeg\" class=\"attachment-post-thumbnail size-post-thumbnail wp-post-image\" alt=\"\" \/><br \/>Pour la CFTC cet accord permet de repositionner clairement les partenaires sociaux au centre de l\u2019\u00e9chiquier politique de la formation professionnelle. Il reprend les dispositions issues des concertations qui ont permis d\u2019arr\u00eater <strong>49 propositions pr\u00e9sent\u00e9es<\/strong>, le 22 juillet, \u00e0 la ministre du tTravail.<br \/>Cet ANI acte que le recours au <strong>CPF, attach\u00e9 \u00e0 chaque personne<\/strong>, doit s\u2019orienter vers des <strong>formations professionnalisantes<\/strong> et ceci afin de replacer le CPF comme dispositif essentiel de formation. Pour remplir cet objectif, l\u2019ACNI pr\u00e9voit que chaque personne puisse se faire accompagner par un conseiller en \u00e9volution professionnelle(CEP).<br \/>La CFTC se f\u00e9licite que l\u2019accord retienne la mesure qu\u2019elle a pr\u00e9sent\u00e9e et d\u00e9fendue sur la <strong>n\u00e9cessit\u00e9 de d\u00e9velopper une co-construction et un co-investissement afin d\u2019\u00e9laborer pour chaque salari\u00e9 son parcours professionnel<\/strong>. Ce parcours peut \u00eatre abord\u00e9 lors des entretiens professionnels.<br \/>En effet, les entreprises doivent appr\u00e9hender l\u2019entretien professionnel comme un \u00e9change permettant de r\u00e9fl\u00e9chir sur un parcours de formation interne pour \u00e9voluer dans l\u2019entreprise, ou bien externe pour se r\u00e9aliser vers d\u2019autres aspirations professionnelles.<br \/>Au vu du travail d\u00e9j\u00e0 r\u00e9alis\u00e9 entre partenaires sociaux, c\u2019est avec optimisme que la <strong>CFTC s\u2019engagera dans les 7 groupes de travail<\/strong> qui vont s\u2019ouvrir, et qui pourront \u00eatre d\u00e9clin\u00e9s dans le cadre d\u2019un accord interprofessionnel.<br \/>Lors de ces travaux, la CFTC sera force de propositions et d\u2019avanc\u00e9es comme toujours en mati\u00e8re de formation professionnelle.<br \/><a href=\"http:\/\/www.cftc.fr\/wp-content\/uploads\/2021\/10\/cpaniformationcpf.pdf\" target=\"_blank\" rel=\"noopener\">T\u00e9l\u00e9charger le communiqu\u00e9 au format .pdf<\/a><br \/>                                     15 novembre |                                     <span class=\"cat\">Espace presse<\/span><span class=\"cat\">Vid\u00e9o<\/span>                                <br \/>Cyril Chabanier s\u2019est rendu \u00e0 la conf\u00e9rence \u00e0 mi-mandat de la Conf\u00e9d\u00e9ration europ\u00e9enne des syndicats (CES) \u00e0 Lisbonne. L\u2019occasion pour le Pr\u00e9sident de la CFTC de parler d\u2019\u00e9conomie post-Covid et&#8230;<br \/>                                     22 octobre |                                     <span class=\"cat\">Communiqu\u00e9s de presse<\/span><span class=\"cat\">Espace presse<\/span>                                <br \/>Devant l\u2019augmentation du prix de l\u2019\u00e9nergie et son impact sur le pouvoir d\u2019achat des Fran\u00e7ais, le Premier ministre a annonc\u00e9 la mise en place d\u2019une \u00ab\u00a0indemnit\u00e9 inflation\u00a0\u00bb de 100 euros&#8230;<\/p>\n<p><img loading=\"lazy\" decoding=\"async\" src=\"https:\/\/www.cftc.fr\/wp-content\/themes\/new-cftc\/assets\/img\/logo.svg\" width=\"130\" height=\"130\" alt=\"Logo\" \/><br \/> \t\t\t\t\t\t\t\t\t\t\t\t\t\t\t\t\t\t\t\t<a href=\"https:\/\/www.linkedin.com\/company\/conf%C3%A9d%C3%A9ration-fran%C3%A7aise-des-travailleurs-chr%C3%A9tiens-cftc-\/\" target=\"_blank\" rel=\"noopener\"><i class=\"fab fa-linkedin\"><\/i><\/a> \t\t\t\t\t\t\t\t\t\t\t\t\t\t\t\t\t\t\t\t<a href=\"https:\/\/www.facebook.com\/syndicatCFTC\" target=\"_blank\" rel=\"noopener\"><i class=\"fab fa-facebook\"><\/i><\/a> \t\t\t\t\t\t\t\t\t\t\t\t\t\t\t\t\t\t\t\t<a href=\"https:\/\/twitter.com\/SyndicatCFTC\" target=\"_blank\" rel=\"noopener\"><i class=\"fab fa-twitter\"><\/i><\/a> \t\t\t\t\t\t\t\t\t\t\t\t\t\t\t\t\t\t\t\t<a href=\"https:\/\/www.instagram.com\/syndicatCFTC\/\" target=\"_blank\" rel=\"noopener\"><i class=\"fab fa-instagram\"><\/i><\/a> \t\t\t\t\t\t\t\t\t\t\t\t\t\t\t\t\t\t\t\t<a href=\"https:\/\/www.youtube.com\/c\/syndicatCFTC\" target=\"_blank\" rel=\"noopener\"><i class=\"fab fa-youtube\"><\/i><\/a> \t\t\t\t\t\t\t\t\t\t\t\t\t\t\t\t\t\t\t<br \/> \t\t\t\t\t\t\t\t\t<button class=\"btn blue large\"><i class=\"icon fas fa-id-card-alt\"><\/i> Adh\u00e9rer<\/button> \t\t\t\t\t\t\t\t\t<button class=\"btn pink large open_vos-espaces\"><i class=\"icon fas fa-bars\"><\/i> Vos espaces CFTC<\/button> \t\t\t\t\t\t\t\t\t<br \/> \t\t\t\t\t\t\t\t\t\t\t\t\t\t\t\t<a href=\"https:\/\/www.macif.fr\/assurance\/associations-et-ce\" target=\"_blank\" rel=\"noopener\"><img decoding=\"async\" src=\"https:\/\/www.cftc.fr\/wp-content\/uploads\/2017\/02\/New-LOGO-MACIF-96x68.png\"><\/a> \t\t\t\t\t\t\t\t\t\t\t\t\t\t\t\t<a href=\"http:\/\/up-group.coop\/\" target=\"_blank\" rel=\"noopener\"><img decoding=\"async\" src=\"https:\/\/www.cftc.fr\/wp-content\/uploads\/2016\/11\/logo_up.jpg\"><\/a> \t\t\t\t\t\t\t\t\t\t\t\t\t\t\t\t<a href=\"http:\/\/www.aesio.fr\/\" target=\"_blank\" rel=\"noopener\"><img decoding=\"async\" src=\"https:\/\/www.cftc.fr\/wp-content\/uploads\/2021\/01\/logo-aesio-v3.jpg\"><\/a> \t\t\t\t\t\t\t\t\t\t\t\t\t\t\t\t<a href=\"https:\/\/www.groupe-vyv.fr\/\" target=\"_blank\" rel=\"noopener\"><img decoding=\"async\" src=\"https:\/\/www.cftc.fr\/wp-content\/uploads\/2018\/03\/logo-v3-vyv.jpg\"><\/a> \t\t\t\t\t\t\t\t\t\t\t\t\t\t\t\t<a href=\"https:\/\/www.malakoffhumanis.com\/\" target=\"_blank\" rel=\"noopener\"><img decoding=\"async\" src=\"https:\/\/www.cftc.fr\/wp-content\/uploads\/2020\/06\/logo-malaokoff-humanis.jpg\"><\/a> \t\t\t\t\t\t\t\t\t\t\t\t\t\t\t\t<a href=\"https:\/\/ocirp.fr\/locirp\/connaitre-locirp\" target=\"_blank\" rel=\"noopener\"><img decoding=\"async\" src=\"https:\/\/www.cftc.fr\/wp-content\/uploads\/2021\/04\/logo-ocirp-96x70px.png\"><\/a> \t\t\t\t\t\t\t\t\t\t\t\t\t\t\t<br \/><span style=\"font-weight: 400\">Ce site utilise des cookies pour am\u00e9liorer votre exp\u00e9rience de navigation. Ces cookies sont class\u00e9s ci-dessous par cat\u00e9gorie. Veuillez retrouver notre politique donn\u00e9es personnelles et cookies : page <a href=\"http:\/\/www.cftc.fr\/mentions-legales\">Mentions l\u00e9gales<\/a>.<\/span><br \/><span style=\"font-weight: 400\">Les cookies n\u00e9cessaires sont utiles au bon fonctionnement du site. Cette cat\u00e9gorie inclut uniquement les cookies qui garantissent les fonctionnalit\u00e9s de base et les \u00e9l\u00e9ments de s\u00e9curit\u00e9 du site Web. Ces cookies ne stockent aucune information personnelle.<\/span><br \/><span style=\"font-weight: 400\"><\/p>\n<table class=\"wt-cli-element cookielawinfo-row-cat-table cookielawinfo-classic\">\n<thead>\n<tr>\n<th scope=\"col\" class=\"cookielawinfo-column-1\">Cookie<\/th>\n<th scope=\"col\" class=\"cookielawinfo-column-2\">Type<\/th>\n<th scope=\"col\" class=\"cookielawinfo-column-3\">Dur\u00e9e<\/th>\n<th scope=\"col\" class=\"cookielawinfo-column-4\">Description<\/th>\n<\/tr>\n<\/thead>\n<tbody>\n<tr class=\"cookielawinfo-row\">\n<td class=\"cookielawinfo-column-1\">cookielawinfo-checkbox-necessary<\/td>\n<td class=\"cookielawinfo-column-2\">0<\/td>\n<td class=\"cookielawinfo-column-3\">11 months<\/td>\n<td class=\"cookielawinfo-column-4\">\n<p><span style=\"font-weight: 400\">Ce cookie est utilis\u00e9 pour stocker le consentement de l&rsquo;utilisateur pour les cookies dans la cat\u00e9gorie \u00ab\u00a0N\u00e9cessaire\u00a0\u00bb.<\/span><\/p>\n<\/td>\n<\/tr>\n<tr class=\"cookielawinfo-row\">\n<td class=\"cookielawinfo-column-1\">cookielawinfo-checkbox-non-necessary<\/td>\n<td class=\"cookielawinfo-column-2\">0<\/td>\n<td class=\"cookielawinfo-column-3\">11 months<\/td>\n<td class=\"cookielawinfo-column-4\">\n<p><span style=\"font-weight: 400\">Ce cookie est utilis\u00e9 pour stocker le consentement de l&rsquo;utilisateur pour les cookies dans la cat\u00e9gorie \u00ab\u00a0Non N\u00e9cessaire\u00a0\u00bb.<\/span><\/p>\n<\/td>\n<\/tr>\n<tr class=\"cookielawinfo-row\">\n<td class=\"cookielawinfo-column-1\">viewed_cookie_policy<\/td>\n<td class=\"cookielawinfo-column-2\">0<\/td>\n<td class=\"cookielawinfo-column-3\">11 months<\/td>\n<td class=\"cookielawinfo-column-4\">\n<p><span style=\"font-weight: 400\">Ce cookie sert \u00e0 enregistrer si l&rsquo;utilisateur a consenti ou non \u00e0 l&rsquo;utilisation de cookies. Il ne stocke aucune donn\u00e9e personnelle.<\/span><\/p>\n<\/td>\n<\/tr>\n<\/tbody>\n<\/table>\n<p><\/span><br \/><span style=\"font-weight: 400\">Ce cookie est utilis\u00e9 pour stocker le consentement de l&rsquo;utilisateur pour les cookies dans la cat\u00e9gorie \u00ab\u00a0N\u00e9cessaire\u00a0\u00bb.<\/span><br \/><span style=\"font-weight: 400\">Ce cookie est utilis\u00e9 pour stocker le consentement de l&rsquo;utilisateur pour les cookies dans la cat\u00e9gorie \u00ab\u00a0Non N\u00e9cessaire\u00a0\u00bb.<\/span><br \/><span style=\"font-weight: 400\">Ce cookie sert \u00e0 enregistrer si l&rsquo;utilisateur a consenti ou non \u00e0 l&rsquo;utilisation de cookies. Il ne stocke aucune donn\u00e9e personnelle.<\/span><br \/><span style=\"font-weight: 400\">Cookies qui peuvent ne pas \u00eatre n\u00e9cessaires au fonctionnement du site Web qui sont utilis\u00e9s sp\u00e9cifiquement pour collecter des donn\u00e9es personnelles afin d\u2019effectuer des analyses ou de g\u00e9rer de la publicit\u00e9.<\/span><br \/><span style=\"font-weight: 400\"><\/p>\n<table class=\"wt-cli-element cookielawinfo-row-cat-table cookielawinfo-classic\">\n<thead>\n<tr>\n<th scope=\"col\" class=\"cookielawinfo-column-1\">Cookie<\/th>\n<th scope=\"col\" class=\"cookielawinfo-column-2\">Type<\/th>\n<th scope=\"col\" class=\"cookielawinfo-column-3\">Dur\u00e9e<\/th>\n<th scope=\"col\" class=\"cookielawinfo-column-4\">Description<\/th>\n<\/tr>\n<\/thead>\n<tbody>\n<tr class=\"cookielawinfo-row\">\n<td class=\"cookielawinfo-column-1\">test_cookie<\/td>\n<td class=\"cookielawinfo-column-2\">0<\/td>\n<td class=\"cookielawinfo-column-3\">11 months<\/td>\n<td class=\"cookielawinfo-column-4\">\n<p><span style=\"font-weight: 400\">Ce cookie est d\u00e9fini par DoubleClick (qui appartient \u00e0 Google) pour d\u00e9terminer si le navigateur du visiteur du site Web prend en charge les cookies.<\/span><\/p>\n<\/td>\n<\/tr>\n<\/tbody>\n<\/table>\n<p><\/span><br \/><span style=\"font-weight: 400\">Ce cookie est d\u00e9fini par DoubleClick (qui appartient \u00e0 Google) pour d\u00e9terminer si le navigateur du visiteur du site Web prend en charge les cookies.<\/span><\/p>\n<p><a href=\"https:\/\/www.cftc.fr\/actualites\/formation-professionnelle-la-cftc-signe-lacni\">source<\/a><\/p>\n<!--CusAds0-->\n<div style=\"font-size: 0px; height: 0px; line-height: 0px; margin: 0; padding: 0; clear: both;\"><\/div>","protected":false},"excerpt":{"rendered":"<p>Accueil &#8211; Actualit\u00e9s &#8211; Formation professionnelle\u00a0: la CFTC signe l\u2019ACNI 28 octobre 2021 | Communiqu\u00e9s de presseEspace presse Les instances de la CFTC ont d\u00e9cid\u00e9 ce jour \u00e0 l\u2019unanimit\u00e9 de signer l\u2019accord cadre national interprofessionnel relatif \u00e0 la formation professionnelle.Pour la CFTC cet accord permet de repositionner clairement les partenaires sociaux au centre de l\u2019\u00e9chiquier [&hellip;]<\/p>\n","protected":false},"author":1,"featured_media":0,"comment_status":"open","ping_status":"open","sticky":false,"template":"","format":"standard","meta":{"googlesitekit_rrm_CAow1sXXCw:productID":"","_jetpack_memberships_contains_paid_content":false,"footnotes":"","jetpack_publicize_message":"","jetpack_publicize_feature_enabled":true,"jetpack_social_post_already_shared":false,"jetpack_social_options":{"image_generator_settings":{"template":"highway","default_image_id":0,"font":"","enabled":false},"version":2}},"categories":[1],"tags":[],"class_list":["post-488","post","type-post","status-publish","format-standard","hentry","category-non-classe"],"jetpack_publicize_connections":[],"jetpack_featured_media_url":"","jetpack_sharing_enabled":true,"_links":{"self":[{"href":"https:\/\/monblogeur.tech\/index.php\/wp-json\/wp\/v2\/posts\/488","targetHints":{"allow":["GET"]}}],"collection":[{"href":"https:\/\/monblogeur.tech\/index.php\/wp-json\/wp\/v2\/posts"}],"about":[{"href":"https:\/\/monblogeur.tech\/index.php\/wp-json\/wp\/v2\/types\/post"}],"author":[{"embeddable":true,"href":"https:\/\/monblogeur.tech\/index.php\/wp-json\/wp\/v2\/users\/1"}],"replies":[{"embeddable":true,"href":"https:\/\/monblogeur.tech\/index.php\/wp-json\/wp\/v2\/comments?post=488"}],"version-history":[{"count":0,"href":"https:\/\/monblogeur.tech\/index.php\/wp-json\/wp\/v2\/posts\/488\/revisions"}],"wp:attachment":[{"href":"https:\/\/monblogeur.tech\/index.php\/wp-json\/wp\/v2\/media?parent=488"}],"wp:term":[{"taxonomy":"category","embeddable":true,"href":"https:\/\/monblogeur.tech\/index.php\/wp-json\/wp\/v2\/categories?post=488"},{"taxonomy":"post_tag","embeddable":true,"href":"https:\/\/monblogeur.tech\/index.php\/wp-json\/wp\/v2\/tags?post=488"}],"curies":[{"name":"wp","href":"https:\/\/api.w.org\/{rel}","templated":true}]}}