{"id":546,"date":"2021-11-18T04:32:28","date_gmt":"2021-11-18T03:32:28","guid":{"rendered":"https:\/\/monblogeur.tech\/index.php\/2021\/11\/18\/handicap-ces-metiers-accessibles-grace-a-lapprentissage-le-parisien-etudiant\/"},"modified":"2021-11-18T04:32:28","modified_gmt":"2021-11-18T03:32:28","slug":"handicap-ces-metiers-accessibles-grace-a-lapprentissage-le-parisien-etudiant","status":"publish","type":"post","link":"https:\/\/monblogeur.tech\/index.php\/2021\/11\/18\/handicap-ces-metiers-accessibles-grace-a-lapprentissage-le-parisien-etudiant\/","title":{"rendered":"Handicap. Ces m\u00e9tiers accessibles gr\u00e2ce \u00e0 l&#039;apprentissage &#8211; Le Parisien Etudiant"},"content":{"rendered":"<div class=\"cfbc967f0983488262956e73eca9483a\" data-index=\"1\" style=\"float: none; margin:10px 0 10px 0; text-align:center;\">\n<script async src=\"https:\/\/pagead2.googlesyndication.com\/pagead\/js\/adsbygoogle.js?client=ca-pub-3859091246952232\" crossorigin=\"anonymous\"><\/script>\r\n<!-- blok -->\r\n<ins class=\"adsbygoogle\" data-ad-client=\"ca-pub-3859091246952232\" data-ad-slot=\"1334354390\"><\/ins>\r\n<script>\r\n     (adsbygoogle = window.adsbygoogle || []).push({});\r\n<\/script>\r\n\n<\/div>\n<p>                     <a class=\"tag_breadcrumb margin_bottom_xs margin_right_xs\" href=\"\/etudiant\/orientation.html\">Orientation<\/a><a class=\"tag_breadcrumb margin_bottom_xs margin_right_xs\" href=\"\/etudiant\/orientation\/formation.html\">Formation<\/a><a class=\"tag_breadcrumb margin_bottom_xs margin_right_xs\" href=\"\/etudiant\/orientation\/alternance.html\">Alternance<\/a>                    <br \/>\u00ab Lass\u00e9e de se battre au quotidien pour voir (son) poste adapt\u00e9 \u00e0 son handicap \u00bb, Pauline Chevalier, \u00e0 33 ans, d\u00e9cide d\u2019entamer une seconde vie professionnelle. Apr\u00e8s une d\u00e9cennie pass\u00e9e \u00e0 travailler dans le milieu bancaire, elle, qui doit vivre avec une surdit\u00e9 profonde, fait le choix de la reconversion. En 2019, elle d\u00e9bute une formation en apprentissage en master Administration des entreprises, option qualit\u00e9, s\u00e9curit\u00e9, environnement.<\/p>\n<h2>Une voie d&rsquo;acc\u00e8s qualitative<\/h2>\n<p>  Depuis la r\u00e9forme de 2005, aucune limite d\u2019\u00e2ge n\u2019est requise pour les contrats d\u2019apprentissage des b\u00e9n\u00e9ficiaires de l\u2019Obligation d\u2019emploi. \u00ab Un avantage non n\u00e9gligeable \u00bb, explique Pauline, d\u00e9sormais charg\u00e9e de s\u00e9curit\u00e9 chez Schneider Electric, \u00e0 \u00c9vreux. \u00ab Une entreprise ouverte d\u2019esprit, qui permet d\u2019adapter son poste. L\u2019apprentissage permet de pr\u00e9parer concr\u00e8tement son insertion professionnelle. \u00bb Au sein de l\u2019entreprise, 24 alternants en situation de handicap ont \u00e9t\u00e9 recrut\u00e9s en 2021, soit sept de plus qu\u2019en 2020. La m\u00eame ann\u00e9e, huit ont sign\u00e9 un CDI \u00e0 l\u2019issue de leur contrat. \u00ab Nous avons cr\u00e9\u00e9 des passerelles avec des \u00e9coles cibles pour r\u00e9pondre \u00e0 cet enjeu soci\u00e9tal, souligne Julie Legoubin, cheffe de projet diversit\u00e9 et inclusion chez Schneider Electric. Quel que soit le niveau, tous nos m\u00e9tiers sont concern\u00e9s par l\u2019alternance, qui fait partie de notre ADN. \u00bb Alors que la crise sanitaire a boulevers\u00e9 l\u2019emploi des personnes handicap\u00e9es, l\u2019apprentissage a, au contraire, connu une hausse, avec 2\u2009077 contrats suppl\u00e9mentaires sign\u00e9s par rapport \u00e0 2019*.<\/p>\n<h2>Des avanc\u00e9es l\u00e9gislatives et des aides<\/h2>\n<p>  Cette dynamique positive, selon Pierre-Olivier Comin, r\u00e9f\u00e9rent sur la question du r\u00e9seau Cap Emploi, a \u00e9t\u00e9 favoris\u00e9e par la loi de 2018 sur la libert\u00e9 de choisir son avenir professionnel. \u00ab Cela gr\u00e2ce \u00e0 une plus grande prise en charge des apprentis avec handicap au sein des centres de formation et une meilleure adaptation des parcours \u00bb, pr\u00e9cise-t-il.<br \/>  Des avanc\u00e9es l\u00e9gislatives qui se conjuguent aux aides de l\u2019Association de gestion du fonds pour l\u2019insertion professionnelle des personnes handicap\u00e9es (Agefiph) afin d\u2019encourager le recrutement d\u2019apprentis. Un coup de pouce \u00e0 l\u2019embauche sous conditions \u2013 six mois minimum et une dur\u00e9e hebdomadaire au moins \u00e9gale \u00e0 24 heures \u2013 qui peut aller jusqu\u2019\u00e0 3 000\u202f\u20ac. Ces aides sont cumulables avec celles des R\u00e9gions ou de l\u2019Etat dans le cadre du plan de relance \u00ab 1 Jeune, 1 solution \u00bb (5 000\u202f\u20ac pour un apprenti mineur, 8 000\u202f\u20ac pour un majeur). Dans la fonction publique, autre vivier d\u2019apprentis, 80 % du co\u00fbt de la formation est pris en charge par le fonds pour l\u2019insertion des personnes handicap\u00e9es (FIPHFP).<\/p>\n<p>  *Barom\u00e8tre Cheops de Cap Emploi<\/p>\n<p>Arnaud Bertrand<br \/><a href=\"\/etudiant\/ecrivez-nous.html?object=question-contenu&#038;refid=article-13423&#038;referer=http:\/\/etudiant.aujourdhui.fr\/etudiant\/info\/handicap-ces-metiers-accessibles-grace-a-l-apprentissage.html\" rel=\"nofollow\" style=\"font-size:14px;\">Le Parisien Etudiant<\/a><br \/><span >17.11.2021<\/span><br \/>T\u00e9moignage de Laur\u00e8ne Ringue : D\u00e9veloppeuse chez Leboncoin \u00e0 l&#039;occasion de la Semaine Europ\u00e9enne pour l&#039;emploi des personnes handicap\u00e9es 2021.<br \/>C\u2019est le premier contact d\u2019un employeur avec un futur candidat. Voici quelques \u00e9lements pour l\u2019am\u00e9liorer.<br \/>\u00c9tudier et travailler depuis chez soi, c\u2019est le lot de milliers d\u2019\u00e9tudiants depuis maintenant plus d\u2019un an. Quels sont les effets de toutes ces vies sans contact ?<br \/>L\u2019alternance explose malgr\u00e9 la p\u00e9riode et c\u2019est tant mieux. Voici le regard d\u2019Olivier Faron Administrateur G\u00e9n\u00e9ral du CNAM, sur cette tendance positive pour les jeunes mais \u00e9galement pour les entreprises. <br \/>Depuis quelques temps, l&#039;apprentissage b\u00e9n\u00e9ficie d&#039;une meilleure image. Le nombre de contrats a atteint un record en France, avec plus de 500 000 signatures en 2020. <br \/>\u00ab Le vivre-ensemble fait partie de notre identit\u00e9 \u00bb Les MFR (Maisons familiales rurales) offrent un mod\u00e8le de formation bien particulier. <br \/>Ecoles \u00e0 la Une<br \/>ANNUAIRE FORMATIONS<br \/>Derni\u00e8res Offres publi\u00e9es <br \/>Les derni\u00e8res offres d&rsquo;alternance<br \/><a href=\"https:\/\/emploi-etudiant.leparisien.fr\/\" title=\"offres stage\" style='color:white;'>Toutes les offres :<\/a> <a href=\"\/etudiant\/jobs-stages\/offres\/stage.html\" title=\"offres stage\" style='color:white;'>stages<\/a>, <a href=\"\/etudiant\/jobs-stages\/offres\/stage-alternance.html\" title=\"offres alternance\" style='color:white;'>alternance<\/a>, <a href=\"\/etudiant\/jobs-stages\/offres\/emploi-cdd.html\" title=\"offres emploi cdd\" style='color:white;'>cdd<\/a>, <a href=\"\/etudiant\/jobs-stages\/offres\/emploi.html\" title=\"offres cdi\" style='color:white;'>cdi&#8230;<\/a><br \/><a href=\"\/etudiant\/sortir.html\" title=\"sortir\" style=\" font-weight:bold;\" >ZAPPING FLYERS<\/a><br \/><a href=\"\/etudiant\/sortir.html\" title=\"sortir\" style=\"color: #00283C;font-size: 14px;font-family: GraphikCompact,Arial;font-weight: 600;\">+ d&rsquo;\u00e9v\u00e9nements<\/a><br \/>Newsletter<br \/>En ce moment<\/p>\n<p>Profitez des avantages de l\u2019offre num\u00e9rique<\/p>\n<p><a href=\"http:\/\/etudiant.aujourdhui.fr\/etudiant\/info\/handicap-ces-metiers-accessibles-grace-a-l-apprentissage.html\">source<\/a><\/p>\n<!--CusAds0-->\n<div style=\"font-size: 0px; height: 0px; line-height: 0px; margin: 0; padding: 0; clear: both;\"><\/div>","protected":false},"excerpt":{"rendered":"<p>OrientationFormationAlternance \u00ab Lass\u00e9e de se battre au quotidien pour voir (son) poste adapt\u00e9 \u00e0 son handicap \u00bb, Pauline Chevalier, \u00e0 33 ans, d\u00e9cide d\u2019entamer une seconde vie professionnelle. Apr\u00e8s une d\u00e9cennie pass\u00e9e \u00e0 travailler dans le milieu bancaire, elle, qui doit vivre avec une surdit\u00e9 profonde, fait le choix de la reconversion. En 2019, elle [&hellip;]<\/p>\n","protected":false},"author":1,"featured_media":0,"comment_status":"open","ping_status":"open","sticky":false,"template":"","format":"standard","meta":{"googlesitekit_rrm_CAow1sXXCw:productID":"","_jetpack_memberships_contains_paid_content":false,"footnotes":"","jetpack_publicize_message":"","jetpack_publicize_feature_enabled":true,"jetpack_social_post_already_shared":false,"jetpack_social_options":{"image_generator_settings":{"template":"highway","default_image_id":0,"font":"","enabled":false},"version":2}},"categories":[1],"tags":[],"class_list":["post-546","post","type-post","status-publish","format-standard","hentry","category-non-classe"],"jetpack_publicize_connections":[],"jetpack_featured_media_url":"","jetpack_sharing_enabled":true,"_links":{"self":[{"href":"https:\/\/monblogeur.tech\/index.php\/wp-json\/wp\/v2\/posts\/546","targetHints":{"allow":["GET"]}}],"collection":[{"href":"https:\/\/monblogeur.tech\/index.php\/wp-json\/wp\/v2\/posts"}],"about":[{"href":"https:\/\/monblogeur.tech\/index.php\/wp-json\/wp\/v2\/types\/post"}],"author":[{"embeddable":true,"href":"https:\/\/monblogeur.tech\/index.php\/wp-json\/wp\/v2\/users\/1"}],"replies":[{"embeddable":true,"href":"https:\/\/monblogeur.tech\/index.php\/wp-json\/wp\/v2\/comments?post=546"}],"version-history":[{"count":0,"href":"https:\/\/monblogeur.tech\/index.php\/wp-json\/wp\/v2\/posts\/546\/revisions"}],"wp:attachment":[{"href":"https:\/\/monblogeur.tech\/index.php\/wp-json\/wp\/v2\/media?parent=546"}],"wp:term":[{"taxonomy":"category","embeddable":true,"href":"https:\/\/monblogeur.tech\/index.php\/wp-json\/wp\/v2\/categories?post=546"},{"taxonomy":"post_tag","embeddable":true,"href":"https:\/\/monblogeur.tech\/index.php\/wp-json\/wp\/v2\/tags?post=546"}],"curies":[{"name":"wp","href":"https:\/\/api.w.org\/{rel}","templated":true}]}}