{"id":567,"date":"2021-11-18T10:33:01","date_gmt":"2021-11-18T09:33:01","guid":{"rendered":"https:\/\/monblogeur.tech\/index.php\/2021\/11\/18\/lot-53-diplomes-a-linstitut-de-formation-en-soins-infirmiers-de-cahors-et-une-brillante-major-de-promo-ladepeche-fr\/"},"modified":"2021-11-18T10:33:01","modified_gmt":"2021-11-18T09:33:01","slug":"lot-53-diplomes-a-linstitut-de-formation-en-soins-infirmiers-de-cahors-et-une-brillante-major-de-promo-ladepeche-fr","status":"publish","type":"post","link":"https:\/\/monblogeur.tech\/index.php\/2021\/11\/18\/lot-53-diplomes-a-linstitut-de-formation-en-soins-infirmiers-de-cahors-et-une-brillante-major-de-promo-ladepeche-fr\/","title":{"rendered":"Lot : 53 dipl\u00f4m\u00e9s \u00e0 l&#039;Institut de formation en soins infirmiers de Cahors et une brillante major de promo &#8211; ladepeche.fr"},"content":{"rendered":"<div class=\"cfbc967f0983488262956e73eca9483a\" data-index=\"1\" style=\"float: none; margin:10px 0 10px 0; text-align:center;\">\n<script async src=\"https:\/\/pagead2.googlesyndication.com\/pagead\/js\/adsbygoogle.js?client=ca-pub-3859091246952232\" crossorigin=\"anonymous\"><\/script>\r\n<!-- blok -->\r\n<ins class=\"adsbygoogle\" data-ad-client=\"ca-pub-3859091246952232\" data-ad-slot=\"1334354390\"><\/ins>\r\n<script>\r\n     (adsbygoogle = window.adsbygoogle || []).push({});\r\n<\/script>\r\n\n<\/div>\n<p>                                                                     <span class=\"article-full__chapo-label hide-on-small-only\">l&rsquo;essentiel<\/span>                                                                 53 dipl\u00f4mes ont \u00e9t\u00e9 remis aux nouveaux infirmiers form\u00e9s \u00e0 l&#39;Ifsi de Cahors. L&#39;Institut de formation en soins infirmiers est \u00e9galement fier de nommer major de promotion une brillante \u00e9tudiante qui affiche une moyenne de 16 sur ses trois ann\u00e9es d&#39;\u00e9tudes.&nbsp;                             <br \/>Mireille Ravaux, directrice de l&rsquo;IFMS (Institut de Formation aux M\u00e9tiers de la Sant\u00e9) du Lot&nbsp;et&nbsp;C\u00e9dric Piolot, cadre de sant\u00e9 formateur et r\u00e9f\u00e9rent des \u00e9tudiants de troisi\u00e8me&nbsp;ann\u00e9e avaient \u00e0 c\u0153ur mercredi d&#39;honorer \u00e0 leur juste valeur les nouveaux dipl\u00f4m\u00e9s de l&#39;IFSI de Cahors f\u00e9licit\u00e9s tour \u00e0 tour par&nbsp;Pierre Nogrette, le directeur de l&rsquo;h\u00f4pital, Aur\u00e9lien Pradi\u00e9, d\u00e9put\u00e9 du Lot, Jean-Marc Vayssouze-Faure, le maire de Cahors ainsi que&nbsp;Bernard Delpech, vice-pr\u00e9sident \u00e0 l&rsquo;Enseignement sup\u00e9rieur au Grand Cahors.<br \/>En rappelant que ce groupe d&#39;\u00e9tudiant (promotion 2018-2021) repr\u00e9sentait &quot;la derni\u00e8re promotion s\u00e9lectionn\u00e9e sur concours&quot;, C\u00e9dric Piolot a tenu \u00e0 souligner qu&#39;au contraire de&nbsp;Parcoursup qui proc\u00e8de \u00e0 une s\u00e9lection pour la r\u00e9gion, ces nouveaux dipl\u00f4m\u00e9s avaient,&nbsp;quant \u00e0 eux, \u00e9t\u00e9&nbsp;retenus pour l&rsquo;\u00e9cole. &quot;Vous cl\u00f4turez un cycle&quot; leur a-t-il justement expliqu\u00e9.&nbsp;<br \/>Mireille Ravaux et C\u00e9dric Piolot ont \u00e9galement mis l&#39;accent sur cette ann\u00e9e tr\u00e8s particuli\u00e8re o\u00f9 la Covid-19 a \u00e9t\u00e9 un \u00e9l\u00e9ment perturbateur. Les conditions d&rsquo;\u00e9tude des \u00e9l\u00e8ves infirmiers ont \u00e9t\u00e9 consid\u00e9rablement perturb\u00e9es. L&#39;enseignement \u00e0 distance n&#39;a pas \u00e9t\u00e9 une solution id\u00e9ale. &quot;Le syst\u00e8me de sant\u00e9 est en pleine r\u00e9volution. Votre m\u00e9tier change&quot; a pr\u00e9venu&nbsp;Mireille Davaux.<br \/>De son c\u00f4t\u00e9, Pierre Nogrette a pr\u00each\u00e9 pour sa paroisse en&nbsp;indiquant aux jeunes dipl\u00f4m\u00e9s que&nbsp; &quot; l&rsquo;h\u00f4pital de Cahors recherche&nbsp;des infirmiers.&quot;<br \/>Le directeur a aussi indiqu\u00e9 que les b\u00e2timents de l&rsquo;IFSI de Cahors allaient recevoir un coup de jeune et \u00eatre restaur\u00e9s. Bernard Delpech formule l&#39;espoir d&#39;une &quot;offre de soins maintenue sur le territoire&quot; gr\u00e2ce aux nouvelles forces vives dipl\u00f4m\u00e9s.&nbsp;M\u00eame discours encourageant de la part d&#39;Aur\u00e9lien Pradi\u00e9. Le&nbsp;d\u00e9put\u00e9&nbsp;consid\u00e8re que &quot;ce m\u00e9tier est vital sur notre territoire et&nbsp;&nbsp;de plus en plus essentiel dans notre soci\u00e9t\u00e9&quot;. Personne ne contredira de telles paroles.&nbsp;<br \/>Nabila Essounani, jeune Cadurcienne, a \u00e9t\u00e9 d\u00e9sign\u00e9e major de promotion. Elle peut \u00eatre fi\u00e8re apr\u00e8s avoir obtenu&nbsp;16 de moyenne sur ses trois ann\u00e9es d&rsquo;\u00e9tude. Trois brillantes ann\u00e9es qui lui ont ouvert en grand les&nbsp;portes de&nbsp;l&rsquo;h\u00f4pital de Cahors qui a embauch\u00e9 la nouvelle infirmi\u00e8re. Aux suivants !&nbsp;<br \/>240500 &euro;<br \/>Cette maison de ville de 135m\u00b2 situ\u00e9e dans la boucle de Cahors \u00e0 proximit\u00e9 [&#8230;]<br \/>340800 &euro;<br \/>Dans un petit immeuble au 1er \u00e9tage vous attend cet appartement avec ascens[&#8230;]<br \/>350 &euro;<br \/>IMMO46 vous propose \u00e0 la location cet appartement de 25 m\u00b2 au deuxi\u00e8me \u00e9tag[&#8230;]<br \/>J&rsquo;ai d\u00e9j\u00e0 un compte<br \/>Je n&rsquo;ai pas de compte<br \/>Vous souhaitez suivre ce fil de discussion ?<br \/>Souhaitez-vous recevoir une notification lors de la r\u00e9ponse d\u2019un(e) internaute \u00e0 votre commentaire ?<br \/>Bravo a ces Dames et Messieurs, la France \u00e0 besoin de vous pour soigner certains andouilles qui ne veulent pas de vaccins et de pass, mais qui accourent \u00e0 l\u2019h\u00f4pital pour se faire soigner de la covid et d\u00e9clarer: si j&#039;avais su je me serais fait vaccin\u00e9 &quot;h\u00e9las&quot; 3 fois &quot;h\u00e9las&quot;.<\/p>\n<p><a href=\"https:\/\/www.ladepeche.fr\/2021\/11\/12\/lot-53-diplomes-a-linstitut-de-formation-en-soins-infirmiers-de-cahors-et-une-brillante-major-de-promo-9923816.php\">source<\/a><\/p>\n<!--CusAds0-->\n<div style=\"font-size: 0px; height: 0px; line-height: 0px; margin: 0; padding: 0; clear: both;\"><\/div>","protected":false},"excerpt":{"rendered":"<p>l&rsquo;essentiel 53 dipl\u00f4mes ont \u00e9t\u00e9 remis aux nouveaux infirmiers form\u00e9s \u00e0 l&#39;Ifsi de Cahors. L&#39;Institut de formation en soins infirmiers est \u00e9galement fier de nommer major de promotion une brillante \u00e9tudiante qui affiche une moyenne de 16 sur ses trois ann\u00e9es d&#39;\u00e9tudes.&nbsp; Mireille Ravaux, directrice de l&rsquo;IFMS (Institut de Formation aux M\u00e9tiers de la Sant\u00e9) [&hellip;]<\/p>\n","protected":false},"author":1,"featured_media":0,"comment_status":"open","ping_status":"open","sticky":false,"template":"","format":"standard","meta":{"googlesitekit_rrm_CAow1sXXCw:productID":"","_jetpack_memberships_contains_paid_content":false,"footnotes":"","jetpack_publicize_message":"","jetpack_publicize_feature_enabled":true,"jetpack_social_post_already_shared":false,"jetpack_social_options":{"image_generator_settings":{"template":"highway","default_image_id":0,"font":"","enabled":false},"version":2}},"categories":[1],"tags":[],"class_list":["post-567","post","type-post","status-publish","format-standard","hentry","category-non-classe"],"jetpack_publicize_connections":[],"jetpack_featured_media_url":"","jetpack_sharing_enabled":true,"_links":{"self":[{"href":"https:\/\/monblogeur.tech\/index.php\/wp-json\/wp\/v2\/posts\/567","targetHints":{"allow":["GET"]}}],"collection":[{"href":"https:\/\/monblogeur.tech\/index.php\/wp-json\/wp\/v2\/posts"}],"about":[{"href":"https:\/\/monblogeur.tech\/index.php\/wp-json\/wp\/v2\/types\/post"}],"author":[{"embeddable":true,"href":"https:\/\/monblogeur.tech\/index.php\/wp-json\/wp\/v2\/users\/1"}],"replies":[{"embeddable":true,"href":"https:\/\/monblogeur.tech\/index.php\/wp-json\/wp\/v2\/comments?post=567"}],"version-history":[{"count":0,"href":"https:\/\/monblogeur.tech\/index.php\/wp-json\/wp\/v2\/posts\/567\/revisions"}],"wp:attachment":[{"href":"https:\/\/monblogeur.tech\/index.php\/wp-json\/wp\/v2\/media?parent=567"}],"wp:term":[{"taxonomy":"category","embeddable":true,"href":"https:\/\/monblogeur.tech\/index.php\/wp-json\/wp\/v2\/categories?post=567"},{"taxonomy":"post_tag","embeddable":true,"href":"https:\/\/monblogeur.tech\/index.php\/wp-json\/wp\/v2\/tags?post=567"}],"curies":[{"name":"wp","href":"https:\/\/api.w.org\/{rel}","templated":true}]}}