{"id":591,"date":"2021-11-18T14:28:45","date_gmt":"2021-11-18T13:28:45","guid":{"rendered":"https:\/\/monblogeur.tech\/index.php\/2021\/11\/18\/limoges-une-double-qualification-pour-un-cdi-a-temps-plein-aqui\/"},"modified":"2021-11-18T14:28:45","modified_gmt":"2021-11-18T13:28:45","slug":"limoges-une-double-qualification-pour-un-cdi-a-temps-plein-aqui","status":"publish","type":"post","link":"https:\/\/monblogeur.tech\/index.php\/2021\/11\/18\/limoges-une-double-qualification-pour-un-cdi-a-temps-plein-aqui\/","title":{"rendered":"Limoges : Une double qualification pour un CDI \u00e0 temps plein &#8211; Aqui!"},"content":{"rendered":"<div class=\"cfbc967f0983488262956e73eca9483a\" data-index=\"1\" style=\"float: none; margin:10px 0 10px 0; text-align:center;\">\n<script async src=\"https:\/\/pagead2.googlesyndication.com\/pagead\/js\/adsbygoogle.js?client=ca-pub-3859091246952232\" crossorigin=\"anonymous\"><\/script>\r\n<!-- blok -->\r\n<ins class=\"adsbygoogle\" data-ad-client=\"ca-pub-3859091246952232\" data-ad-slot=\"1334354390\"><\/ins>\r\n<script>\r\n     (adsbygoogle = window.adsbygoogle || []).push({});\r\n<\/script>\r\n\n<\/div>\n<p>Une journ\u00e9e de partage entre l&rsquo;entreprise P\u00e9rigord Chaudronnerie Inox et S\u00e9bastien, handicap\u00e9<br \/>Une fin d&rsquo;ann\u00e9e riche pour le groupe occitan Peiraguda<br \/>Limoges : Une double qualification pour un CDI \u00e0 temps plein<br \/>Transmission agricole : une s\u00e9rie de rendez-vous en Gironde<br \/>Le Festival International du Film et du Livre d\u2019Aventure en hybride<br \/><span class=\"economie\">17\/11\/21<\/span> : A Bayonne un groupe de travail a \u00e9t\u00e9 lanc\u00e9 en vue de l&rsquo;organisation des F\u00eates de Bayonne 2022. A cette occasion les dates des \u00e9ditions 2022 2023 et 2024 ont \u00e9t\u00e9 act\u00e9es: du 27 au 31 juillet 2022, du 26 au 30 juillet 2023, du 24 au 28 juillet 2024<span style=\"display:block;float:right;font-size:10px;\"><\/span><br \/><span class=\"economie\">17\/11\/21<\/span> : Les 2 et 3 d\u00e9cembre 2021, le World Impact Summit, le sommet international des solutions pour la plan\u00e8te, revient pour une 4e \u00e9dition mixant pr\u00e9sentiel et digital au Palais de la Bourse \u00e0 Bordeaux. L&rsquo;eau en sera la th\u00e9matique principale<span style=\"display:block;float:right;font-size:10px;\"><a href=\"https:\/\/worldimpactsummit.com\/programme\/\" target=\"_blank\" rel=\"noopener\">+ d&rsquo;info<\/a><\/span><br \/><span class=\"economie\">15\/11\/21<\/span> : M6 diffusera ce mardi 16 \u00e0 21h05 les deux premiers \u00e9pisodes de \u00ab\u00a0Sauver Lisa\u00a0\u00bb, une s\u00e9rie en six \u00e9pisodes sur les th\u00e8mes de la maternit\u00e9 et de l&rsquo;enfance maltrait\u00e9e,  en partie tourn\u00e9e en P\u00e9rigord. Parmi les acteurs, Victoria Abril ou encore Cristiana Reali.<span style=\"display:block;float:right;font-size:10px;\"><\/span><br \/><span class=\"economie\">12\/11\/21<\/span> : A Arthez d&rsquo;Armagnac, le plus vieil alambic de Gascogne (Monument Historique) du Domaine d\u2019Ognoas ouvre ses portes le 21 novembre pour sa nouvelle campagne de distillation d&rsquo;Armagnac : Distillation traditionnelle, brunch, exposition et d\u00e9gustation !<span style=\"display:block;float:right;font-size:10px;\"><a href=\"https:\/\/www.xlandes-info.fr\/fileadmin\/user_upload\/mediatheque\/documents\/2021\/PortesOuvertesOgnoas.pdf\" target=\"_blank\" rel=\"noopener\">+ d&rsquo;info<\/a><\/span><br \/><span class=\"economie\">10\/11\/21<\/span> : L&rsquo;appellation Sauternes &#038; Barsac propose ses Portes Ouvertes du 11 au 14 novembre, pour un grand week-end festif. Escales gourmandes et culturelles, Expositions, concerts, activit\u00e9s ludiques pour les enfants, survols du vignoble, repas et d\u00eeners\u2026<span style=\"display:block;float:right;font-size:10px;\"><a href=\"http:\/\/www.sauternes-barsac.com\/\" target=\"_blank\" rel=\"noopener\">+ d&rsquo;info<\/a><\/span><br \/><span class=\"economie\">09\/11\/21<\/span> : Les \u00e9lus r\u00e9gionaux se sont r\u00e9unis en Commission permanente lundi 8 novembre \u00e0 l&rsquo;H\u00f4tel de R\u00e9gion \u00e0 Bordeaux. Au total, 436 d\u00e9lib\u00e9rations ont \u00e9t\u00e9 vot\u00e9es et 3 517 subventions attribu\u00e9es pour un montant total de 878 392 914,59 euros.<span style=\"display:block;float:right;font-size:10px;\"><\/span><br \/><span class=\"economie\">08\/11\/21<\/span> : Bordeaux &#8211; Mardi 9 novembre, dans le cadre de la Quinzaine de l\u2019\u00c9galit\u00e9 et de la Diversit\u00e9, le CDOS Gironde organise, \u00e0 Cap Sciences, un d\u00e9bat d&rsquo;\u00e9loquence suivi d&rsquo;une table ronde sur les bienfaits du sport pour les demandeurs d&rsquo;asiles. <span style=\"display:block;float:right;font-size:10px;\"><a href=\"https:\/\/cdos33.org\/la-voix-e-du-sport-le-cdos-gironde-participe-a-la-quinzaine-de-legalite-2021\/\" target=\"_blank\" rel=\"noopener\">+ d&rsquo;info<\/a><\/span><br \/><span class=\"economie\">03\/11\/21<\/span> : Le Drive fermier Gironde annonce un nouveau et 6\u00e8me point de retrait \u00e0 compter du vendredi 19 novembre de 13h30 \u00e0 18h30. Les produits fermiers seront d\u00e9sormais aussi livr\u00e9s \u00e0 la Chambre d&rsquo;Agriculture de la Gironde, 17 cours Xavier Arnozan.<span style=\"display:block;float:right;font-size:10px;\"><\/span><br \/><span class=\"economie\">03\/11\/21<\/span> : Ce 4 novembre un afterwork mets et vins est organis\u00e9 \u00e0 la Cit\u00e9 du Vin en partenariat avec l&rsquo;ANAA. Le th\u00e8me: vins du monde et poissons de Nouvelle-Aquitaine. Le 11 novembre, focus sur les fruits secs et \u00e0 coque de la r\u00e9gion et les vins du monde.<span style=\"display:block;float:right;font-size:10px;\"><a href=\"https:\/\/www.laciteduvin.com\/fr\/agenda?filter=events_and_afterworks&#038;range=month\" target=\"_blank\" rel=\"noopener\">+ d&rsquo;info<\/a><\/span><br \/><span class=\"economie\">28\/10\/21<\/span> : Rive Droite &#8211; La Nuit Verte 2022 se pr\u00e9pare d\u00e9j\u00e0: Ge\u00f6rgette Power, artiste invit\u00e9 de cette 6e Nuit Verte est en r\u00e9sidence \u00e0 Cenon. Objectif : s\u2019immerger dans le territoire afin de proposer une \u0153uvre in situ, con\u00e7ue pour l&rsquo;\u00e9v\u00e8nement.<span style=\"display:block;float:right;font-size:10px;\"><\/span><br \/><span class=\"economie\">28\/10\/21<\/span> : Bordeaux &#8211; Pour la Journ\u00e9e mondiale des AVC, 250 tensiom\u00e8tres sont offerts ce vendredi place de la Victoire par l&rsquo;asso AVC Tous concern\u00e9s. Au menu aussi : d\u00e9tections de la tension art\u00e9rielle, d\u00e9pistage de l\u2019arythmie cardiaque et contr\u00f4le de la glyc\u00e9mie<span style=\"display:block;float:right;font-size:10px;\"><\/span><br \/><span class=\"economie\">22\/10\/21<\/span> : Apr\u00e8s avoir \u00e9t\u00e9 retenue pour devenir centre de pr\u00e9paration aux Jeux Olympiques dans 17 disciplines, la ville de Pau vient \u00e9galement d&rsquo;\u00eatre adoub\u00e9e pour 3 nouvelles disciplines : le skateboard, le basketball 3*3 et le breakdance.<span style=\"display:block;float:right;font-size:10px;\"><\/span><br \/>Quitte \u00e0 surprendre ceux, apparemment nombreux, qui s\u2019\u00e9tonnent de la candidature de Nicolas Florian aux R\u00e9gionales, il ne manque pas de raisons \u00e0 celle-ci.  D\u2019abord, on imagine mal qu\u2019ayant \u00e9t\u00e9 projet\u00e9 \u00e0 la t\u00eate de la mairie de Bordeaux par le renoncement pr\u00e9cipit\u00e9 d\u2019Alain Jupp\u00e9 en 2019, puis battu aux municipales dans des conditions exceptionnelles en 2020, il ait, \u00e0 51 ans, tir\u00e9 un trait sur son parcours politique. Ensuite, parce que l\u2019homme a d\u00e9j\u00e0 une connaissance de l\u2019Assembl\u00e9e R\u00e9gionale dont il est membre depuis 2010, et de ses travaux.<br \/>Du 27 au 30 janvier 2022 se tiendra la 48\u00e9me \u00e9dition du Festival International de la Bande Dessin\u00e9e \u00e0 Angoul\u00eame. Afin de renforcer l&rsquo;attractivit\u00e9 de l&rsquo;\u00e9v\u00e8nement aupr\u00e8s des partenaires priv\u00e9s et promouvoir la BD aupr\u00e8s du grand public, la Ville et le festival ont d\u00e9cid\u00e9 de d\u00e9velopper une strat\u00e9gie de marque. Cette \u00e9dition 2022 sera le pr\u00e9lude de l&rsquo;ann\u00e9e jubilaire qui aura lieu en 2023. Apr\u00e8s une \u00e9dition 2021 annul\u00e9e, cette nouvelle \u00e9dition se tiendra \u00e0 nouveau avec des expositions, des spectacles ou encore des rencontres internationales.<br \/>Enedis a remis fin octobre un Kangoo \u00e9lectrique \u00e0 l&rsquo;association Atherbea \u00e0 Bayonne.  Ce don permettra \u00e0 l&rsquo;association, qui accueille les personnes en difficult\u00e9s, d&rsquo;agir en faveur de la r\u00e9insertion sociale au Pays Basque. Dans un communiqu\u00e9, le Directeur Territorial Enedis en Pyr\u00e9n\u00e9es-Atlantiques indique que \u00ab\u00a0ce don s&rsquo;inscrit pleinement dans la politique d&rsquo;Enedis [\u2026] de s&rsquo;impliquer dans des projets au service de la coh\u00e9sion sociale\u00a0\u00bb.<br \/>A Gradignan, Bordeaux Sciences Agro porte le projet Coeur d&rsquo;\u00e9cole. Au travers de ce projet, l&rsquo;\u00e9cole souhaite que son campus refl\u00e8te sa strat\u00e9gie. Pour cela, elle va cr\u00e9er de nouveaux espaces adapt\u00e9s \u00e0 la r\u00e9alisation de projets p\u00e9dagogiques et d&rsquo;innovation en pr\u00e9sentiel et distanciel. Elle souhaite aussi pouvoir accueillir, dans le respect des standards internationaux, l&rsquo;augmentation des effectifs. Le projet d\u00e9marrera en 2022.<br \/>A Brive, la SAS Comptoir des Bois est sp\u00e9cialis\u00e9e dans l&rsquo;approvisionnement en bois. Elle vient de mettre en place un programme de transformation num\u00e9rique afin d&rsquo;am\u00e9liorer ses performances en termes de co\u00fbts et de visibilit\u00e9 pour l&rsquo;approvisionnement de ses clients. Avec ce projet, la soci\u00e9t\u00e9 va \u00e9tendre les fonctionnalit\u00e9s de l&rsquo;outil informatique \u00e0 l&rsquo;interpr\u00e9tation des donn\u00e9es environnementales et logistiques des ressources foresti\u00e8res, notamment dans une souci de pr\u00e9servation de la biodiversit\u00e9. Cette modernisation va entra\u00eener la cr\u00e9ation de 10 emplois.<br \/>La Laiterie Coop\u00e9rative de Pamplie dans les Deux-S\u00e8vres transforme le lait de ses adh\u00e9rents pour fabriquer du beurre haut de gamme, dispose de l&rsquo;AOP Charentes-Poitou, et des produits laitiers. Elle souhaite aujourd&rsquo;hui acc\u00e9l\u00e9rer son d\u00e9veloppement \u00e0 l&rsquo;international pour pouvoir int\u00e9grer de nouveaux march\u00e9s europ\u00e9ens, de renforcer sa pr\u00e9sence. Suite \u00e0 une \u00e9tude, un plan d&rsquo;actions vient d&rsquo;\u00eatre \u00e9tablis au niveau marketing, formation et communication notamment.<br \/><a href=\"http:\/\/www.aqui.fr\/machine-a-lire\/\">En ces temps de confinement propices \u00e0 la lecture mais o\u00f9 l&rsquo;acc\u00e8s aux  librairies est cadenass\u00e9 les libraires s&rsquo;organisent pour garder le contact avec les lecteurs. Ainsi en est-il de La Machine (&#8230;)<\/a><br \/>18\/11\/2021 | Six stagiaires se forment \u00e0 deux m\u00e9tiers pour d\u00e9crocher un CDI \u00e0 temps plein.<\/p>\n<p>Du courage, ils n&rsquo;en manquent pas pour se lancer dans cette aventure professionnelle originale, parfois &agrave; un &acirc;ge avanc&eacute;. Six demandeurs d&rsquo;emploi haut-viennois ont int&eacute;gr&eacute; une nouvelle formation dispens&eacute;e par l&rsquo;AFTRAL et le GRETA. Dans huit mois, ils auront acquis une double qualification apr&egrave;s avoir d&eacute;croch&eacute; un titre professionnel de conducteur routier et un d&rsquo;assistant de vie aux familles.<br \/>Pour en arriver l&agrave;, le parcours aura &eacute;t&eacute; long et chaotique apr&egrave;s un projet initi&eacute; en 2014 sur le territoire ouest Limousin montrant des besoins de recrutements. &laquo;&nbsp;Le secteur du transport scolaire et de l&rsquo;aide &agrave; la personne ne parvenaient pas &agrave; garder leurs salari&eacute;s car les emplois &eacute;taient &agrave; temps partiel explique Annick Fougeras de l&rsquo;AFTRAL, un projet a &eacute;t&eacute; exp&eacute;riment&eacute; en 2018 &agrave; Nexon puis relanc&eacute; avec l&rsquo;id&eacute;e de former des salari&eacute;s &agrave; l&rsquo;image de l&rsquo;exp&eacute;rience men&eacute;e en Bretagne &raquo;.<br \/>Les besoins de ces secteurs ont &eacute;t&eacute; recens&eacute;s faisant appara&icirc;tre 25 postes &agrave; pourvoir. Cinq entreprises d&rsquo;aide &agrave; domicile et trois transporteurs ont rejoint le projet. Une fois les probl&egrave;mes de compatibilit&eacute; d&rsquo;horaires r&eacute;gl&eacute; et le montage financier boucl&eacute;, huit r&eacute;unions ont &eacute;t&eacute; organis&eacute;es pour informer les personnes susceptibles d&rsquo;&ecirc;tre int&eacute;ress&eacute;es. Les employeurs et les deux organismes de formation ont re&ccedil;u en entretien 80 candidats. Ils ont ensuite pass&eacute; deux jours en immersion sur les deux postes et six ont finalement int&eacute;gr&eacute; la formation de conducteur de transport en commun, le 18 octobre, sur le site de l&rsquo;AFTRAL au Palais-sur-Vienne. Elle s&rsquo;ach&egrave;vera le 4 f&eacute;vrier apr&egrave;s 399 heures de formation et 35 h d&rsquo;examen. Le GRETA prendra le relais pour la seconde p&eacute;riode de formation.<br \/>&nbsp;<img decoding=\"async\" title=\"La vice-pr&eacute;sidente r&eacute;gionale en charge de la formation professionnelle a rencontr&eacute; des stagiaires en formation &agrave; l&rsquo;AFTRAL de Limoges\" src=\"..\/bib\/photos\/img_id_43346.jpg\" alt=\"La vice-pr&eacute;sidente r&eacute;gionale en charge de la formation professionnelle a rencontr&eacute; des stagiaires en formation &agrave; l&rsquo;AFTRAL de Limoges\" \/><em>La vice-pr&eacute;sidente r&eacute;gionale en charge de la formation professionnelle a rencontr&eacute; des stagiaires en formation &agrave; l&rsquo;AFTRAL de Limoges<\/em><br \/>&nbsp;Des stagiaires tr&egrave;s motiv&eacute;s<br \/>Cette formation bi-emploi va permettre de lutter contre le temps partiel dans ces deux secteurs en proposant une double carri&egrave;re &agrave; des demandeurs d&rsquo;emploi. Les entreprises pourront ainsi recruter des personnes doublement qualifi&eacute;es. La R&eacute;gion soutient ce programme &agrave; hauteur de 80% avec une subvention de 165 527 euros. Les six stagiaires ont pu s&rsquo;entretenir avec Karine Desroses, vice-pr&eacute;sidente en charge de la formation professionnelle qui a visit&eacute;, le 16 novembre, le plateau de formation de l&rsquo;AFTRAL. &laquo;&nbsp;Ce n&rsquo;est pas &eacute;vident de reprendre une activit&eacute; et de changer de m&eacute;tier quand on a une vie de famille et des enfants, surtout lorsqu&rsquo;on a quitt&eacute; l&rsquo;&eacute;cole depuis quelques ann&eacute;es. Je leur tire mon chapeau car il faut avoir du courage &raquo;. C&rsquo;est le cas de ces trois hommes et trois femmes qui forment un groupe soud&eacute; pr&ecirc;t &agrave; relever le d&eacute;fi pour d&eacute;crocher un CDI &agrave; temps complet.<br \/>En chantier d&rsquo;insertion &agrave; l&rsquo;association Delta Plus, Maurice transportait les salari&eacute;s sur les diff&eacute;rents chantiers. &laquo;&nbsp;L&rsquo;immersion m&rsquo;a permis de confirmer ce que j&rsquo;avais envie de faire et le stage se passe tr&egrave;s bien. J&rsquo;aime ces deux m&eacute;tiers qui me rapprochent des gens &raquo;. Technicien de maintenance itin&eacute;rant, Jean-Marc aspirait &agrave; se reconvertir sur un poste s&eacute;dentaire. &laquo;&nbsp;J&rsquo;ai &eacute;t&eacute; attir&eacute; par le bi-emploi qui &eacute;tait propos&eacute; et l&rsquo;immersion dans les deux entreprises a confirm&eacute; mon attrait pour ces m&eacute;tiers &raquo;.<\/p>\n<p> A 58 ans, Patrick est le doyen. Apr&egrave;s des ann&eacute;es dans le nettoyage agroalimentaire et un licenciement, il ne parvenait pas &agrave; retrouver un emploi. &laquo;&nbsp;Mon &acirc;ge posait probl&egrave;me, ma conseill&egrave;re P&ocirc;le Emploi m&rsquo;a aiguill&eacute; vers cette formation. Le bi-emploi m&rsquo;a tout de suite int&eacute;ress&eacute; car travailler 4 h par jour, ce n&rsquo;&eacute;tait pas possible. Sans la double qualification, je ne l&rsquo;aurais pas fait.&nbsp;&raquo; Apr&egrave;s avoir travaill&eacute; en EHPAD, Christelle voulait tourner la page. &laquo;&nbsp;La charge &eacute;motionnelle et psychologique a &eacute;t&eacute; trop forte pendant le Covid, j&rsquo;ai arr&ecirc;t&eacute; et je cherchais &agrave; me reconvertir. Le bi-emploi a &eacute;t&eacute; d&eacute;terminant dans ma d&eacute;cision &raquo;. Prochaine &eacute;tape pour les stagiaires, le code de la route, le 3 d&eacute;cembre, pour une mise &agrave; jour de leurs connaissances.<br \/>                     \t<img decoding=\"async\" src=\"..\/bib\/user\/journaliste.png\" title=\"Corinne M\u00e9rigaud\" alt=\"Corinne M\u00e9rigaud\" itemprop=\"image\" \/><br \/><span itemprop=\"name\">Par Corinne M\u00e9rigaud<\/span>                     <br \/>Cr\u00e9dit Photo : Corinne Merigaud<br \/>             Toutes les r\u00e9actions sont soumises \u00e0 validation de la r\u00e9daction d&rsquo;Aqui avant leur             publication sur le site. Conform\u00e9ment \u00e0 l&rsquo;article 10 du d\u00e9cret du 29 octobre 2009,             les internautes peuvent signaler tout contenu illicite \u00e0 la <a href=\"mailto:webmestre@aqui.fr\">                 r\u00e9daction d&rsquo;aqui.fr<\/a> qui s&rsquo;engage \u00e0 mettre en oeuvre les moyens n\u00e9cessaires             \u00e0 la suppression des dits contenus.             <\/p>\n<p>             * champs obligatoires<\/p>\n<p><a href=\"http:\/\/www.aqui.fr\/economies\/une-double-qualification-pour-un-cdi-a-temps-plein,21488.html\">source<\/a><\/p>\n<!--CusAds0-->\n<div style=\"font-size: 0px; height: 0px; line-height: 0px; margin: 0; padding: 0; clear: both;\"><\/div>","protected":false},"excerpt":{"rendered":"<p>Une journ\u00e9e de partage entre l&rsquo;entreprise P\u00e9rigord Chaudronnerie Inox et S\u00e9bastien, handicap\u00e9Une fin d&rsquo;ann\u00e9e riche pour le groupe occitan PeiragudaLimoges : Une double qualification pour un CDI \u00e0 temps pleinTransmission agricole : une s\u00e9rie de rendez-vous en GirondeLe Festival International du Film et du Livre d\u2019Aventure en hybride17\/11\/21 : A Bayonne un groupe de travail [&hellip;]<\/p>\n","protected":false},"author":1,"featured_media":0,"comment_status":"open","ping_status":"open","sticky":false,"template":"","format":"standard","meta":{"googlesitekit_rrm_CAow1sXXCw:productID":"","_jetpack_memberships_contains_paid_content":false,"footnotes":"","jetpack_publicize_message":"","jetpack_publicize_feature_enabled":true,"jetpack_social_post_already_shared":false,"jetpack_social_options":{"image_generator_settings":{"template":"highway","default_image_id":0,"font":"","enabled":false},"version":2}},"categories":[1],"tags":[],"class_list":["post-591","post","type-post","status-publish","format-standard","hentry","category-non-classe"],"jetpack_publicize_connections":[],"jetpack_featured_media_url":"","jetpack_sharing_enabled":true,"_links":{"self":[{"href":"https:\/\/monblogeur.tech\/index.php\/wp-json\/wp\/v2\/posts\/591","targetHints":{"allow":["GET"]}}],"collection":[{"href":"https:\/\/monblogeur.tech\/index.php\/wp-json\/wp\/v2\/posts"}],"about":[{"href":"https:\/\/monblogeur.tech\/index.php\/wp-json\/wp\/v2\/types\/post"}],"author":[{"embeddable":true,"href":"https:\/\/monblogeur.tech\/index.php\/wp-json\/wp\/v2\/users\/1"}],"replies":[{"embeddable":true,"href":"https:\/\/monblogeur.tech\/index.php\/wp-json\/wp\/v2\/comments?post=591"}],"version-history":[{"count":0,"href":"https:\/\/monblogeur.tech\/index.php\/wp-json\/wp\/v2\/posts\/591\/revisions"}],"wp:attachment":[{"href":"https:\/\/monblogeur.tech\/index.php\/wp-json\/wp\/v2\/media?parent=591"}],"wp:term":[{"taxonomy":"category","embeddable":true,"href":"https:\/\/monblogeur.tech\/index.php\/wp-json\/wp\/v2\/categories?post=591"},{"taxonomy":"post_tag","embeddable":true,"href":"https:\/\/monblogeur.tech\/index.php\/wp-json\/wp\/v2\/tags?post=591"}],"curies":[{"name":"wp","href":"https:\/\/api.w.org\/{rel}","templated":true}]}}