{"id":607,"date":"2021-11-18T18:24:06","date_gmt":"2021-11-18T17:24:06","guid":{"rendered":"https:\/\/monblogeur.tech\/index.php\/2021\/11\/18\/jai-travaille-en-contrat-tuc-comment-recuperer-mes-trimestres-et-notre-temps\/"},"modified":"2021-11-18T18:24:06","modified_gmt":"2021-11-18T17:24:06","slug":"jai-travaille-en-contrat-tuc-comment-recuperer-mes-trimestres-et-notre-temps","status":"publish","type":"post","link":"https:\/\/monblogeur.tech\/index.php\/2021\/11\/18\/jai-travaille-en-contrat-tuc-comment-recuperer-mes-trimestres-et-notre-temps\/","title":{"rendered":"J&#039;ai travaill\u00e9 en contrat TUC, comment r\u00e9cup\u00e9rer mes trimestres et&#8230; &#8211; Notre Temps"},"content":{"rendered":"<div class=\"cfbc967f0983488262956e73eca9483a\" data-index=\"1\" style=\"float: none; margin:10px 0 10px 0; text-align:center;\">\n<script async src=\"https:\/\/pagead2.googlesyndication.com\/pagead\/js\/adsbygoogle.js?client=ca-pub-3859091246952232\" crossorigin=\"anonymous\"><\/script>\r\n<!-- blok -->\r\n<ins class=\"adsbygoogle\" data-ad-client=\"ca-pub-3859091246952232\" data-ad-slot=\"1334354390\"><\/ins>\r\n<script>\r\n     (adsbygoogle = window.adsbygoogle || []).push({});\r\n<\/script>\r\n\n<\/div>\n<p>Chaque mois Notre Temps vous informe, vous guide, vous accompagne !<br \/>&copy; Adobestock<br \/>Tuc, ce n\u2019\u00e9tait pas un biscuit, mais un <b>travail d\u2019utilit\u00e9 collective.<\/b> Les jeunes des ann\u00e9es 1980 se souviennent de ces contrats aid\u00e9s, cr\u00e9\u00e9s pour lutter contre le ch\u00f4mage. 350 000 Fran\u00e7ais en ont sign\u00e9. <b>Probl\u00e8me: \u00e0 l\u2019heure de la retraite, ces p\u00e9riodes travaill\u00e9es n\u2019apparaissent pas leur relev\u00e9 de carri\u00e8re.<\/b> Passeront-elles \u00e0 la trappe dans les calculs des pensions? Comment faire valoir ces mois d&rsquo;activit\u00e9 pour la retraite? Plusieurs lecteurs ont pos\u00e9 la question lors <a href=\"https:\/\/www.notretemps.com\/retraite\/preparer\/tchat-retraite-posez-vos-questions-aux-experts-39408\" target=\"_blank\" rel=\"noopener\">d&rsquo;un tchat retraite.<\/a> Retrouvez les r\u00e9ponses des experts de l\u2019Assurance retraite pour la pension de base et de l\u2019Agirc-Arrco pour la compl\u00e9mentaire.<br \/><b>Vos questions<\/b><br \/><b>\u00ab\u00a0J&rsquo;ai \u00e9t\u00e9 TUC en 1986.<\/b> Cela ne compte <b>pour rien, ni s\u00e9cu ni compl\u00e9mentaires?<\/b> Peut-on faire une r\u00e9clamation, car c&rsquo;est l&rsquo;\u00c9tat qui nous payait?\u00a0\u00bb<b>mariev<\/b><\/p>\n<p><b>\u00ab\u00a0Le contrat TUC<\/b> (Travaux d&rsquo;Utilit\u00e9 Collective) qui existait \u00e0 l&rsquo;\u00e9poque pour inciter les patrons \u00e0 embaucher des jeunes <b>n&rsquo;appara\u00eet pas dans mon relev\u00e9 de carri\u00e8re.<\/b> J&rsquo;ai conserv\u00e9 l&rsquo;attestation et les bulletins de r\u00e9mun\u00e9ration. Comment faire?\u00a0\u00bb <b>chris92140<\/b><\/p>\n<p><b>La r\u00e9ponse de L&rsquo;Assurance Retraite:<\/b> Les contrats TUC ont \u00e9t\u00e9 mis en place de 1984 \u00e0 1990. Tout comme les stages de la formation professionnelle continue, <b>les cotisations li\u00e9es \u00e0 ces contrats ont \u00e9t\u00e9 prises en charge par l\u2019\u00c9tat sur la base d\u2019une assiette forfaitaire<\/b> horaire que vous pouvez consulter en cliquant sur <a href=\"https:\/\/www.legislation.cnav.fr\/Pages\/bareme.aspx?Nom=cotisation_salaire_stagiaire_formation_professionnelle_bar\" target=\"_blank\" rel=\"noopener\">le lien suivant<\/a><br \/>Si vous constatez que les sommes correspondant \u00e0 votre contrat TUC n\u2019apparaissent pas sur votre relev\u00e9 de carri\u00e8re, <b>nous vous invitons \u00e0 en demander la r\u00e9gularisation.<\/b> Vous pouvez le <b>faire<\/b> \u00e0 partir de tout document permettant d\u2019\u00e9tablir l\u2019existence d\u2019un pr\u00e9compte de cotisations vieillesse: bulletins de salaire, attestations de la Direction d\u00e9partementale du travail, de l\u2019emploi et de la formation professionnelle&#8230;.)<br \/>Cependant, la non-prise en compte des p\u00e9riodes de TUC dans le calcul de la retraite peut s\u2019expliquer par <b>le trop faible montant du salaire<\/b> per\u00e7u dans le cadre de ce contrat aid\u00e9. <b>Vous n\u2019avez peut-\u00eatre pas assez cotis\u00e9 pour valider des trimestres d\u2019assurance retraite.<\/b><br \/> En effet, le nombre de trimestres d&rsquo;assurance vieillesse valid\u00e9s au titre d&rsquo;une ann\u00e9e civile n&rsquo;est pas \u00e9tabli en fonction de la dur\u00e9e de travail accompli, mais <b>\u00e0 raison du montant de la r\u00e9mun\u00e9ration<\/b> annuelle soumise \u00e0 cotisations.<br \/><b>Lire:<\/b> <a href=\"https:\/\/www.notretemps.com\/retraite\/preparer\/cest-quoi-un-trimestre-de-retraite-22206\" target=\"_blank\" rel=\"noopener\">C&rsquo;est quoi un trimestre de retraite<\/a><br \/><b>La r\u00e9ponse de L&rsquo;Agirc-Arrco:<\/b> Pour la retraite compl\u00e9mentaire Agirc-Arrco, <b>les r\u00e9mun\u00e9rations per\u00e7ues dans le cadre d&rsquo;un contrat TUC n&rsquo;\u00e9tant pas soumises \u00e0 cotisations, aucun point ne pourra vous \u00eatre attribu\u00e9.<\/b><\/p>\n<p>               <a href=\"https:\/\/www.notretemps.com\/retraite\/preparer\/une-periode-manque-sur-mon-releve-de-carriere-comment-rectifier-24820\" title=\"Une p\u00e9riode manque sur mon relev\u00e9 de carri\u00e8re, comment rectifier?\">Une p\u00e9riode manque sur mon relev\u00e9 de carri\u00e8re, comment rectifier?<\/a>             <br \/>               <a href=\"https:\/\/www.notretemps.com\/retraite\/preparer\/les-documents-de-votre-dossier-retraite-7071\" title=\"Les documents de votre dossier retraite\">Les documents de votre dossier retraite<\/a>             <br \/>               <a href=\"https:\/\/www.notretemps.com\/retraite\/preparer\/retraite-complementaire-comment-verifier-son-compte-de-points-agirc-arrco-23258\" title=\"Retraite compl\u00e9mentaire: comment v\u00e9rifier son compte de points Agirc-Arrco?\">Retraite compl\u00e9mentaire: comment v\u00e9rifier son compte de points Agirc-Arrco?<\/a>             <br \/>               <a href=\"https:\/\/www.notretemps.com\/retraite\/preparer\/retraite-complementaire-comment-obtenir-des-points-gratuits-32468\" title=\"Retraite compl\u00e9mentaire: comment obtenir des points gratuits\">Retraite compl\u00e9mentaire: comment obtenir des points gratuits<\/a>             <br \/>               <a href=\"https:\/\/www.notretemps.com\/retraite\/preparer\/le-releve-de-carriere-6639\" title=\"Le relev\u00e9 de carri\u00e8re\">Le relev\u00e9 de carri\u00e8re<\/a>             <br \/>               <a href=\"https:\/\/www.notretemps.com\/jeux\/jeux-en-ligne\/mots-fleches\/force-3\/mots-fleches-gratuits-force-3-17-novembre-2021-grille-2326\" title=\"Mots fl\u00e9ch\u00e9s gratuits - Force 3 - 17 novembre 2021 Grille n\u00b02326\">Mots fl\u00e9ch\u00e9s gratuits &#8211; Force 3 &#8211; 17 novembre 2021 Grille n\u00b02326<\/a>             <br \/>               <a href=\"https:\/\/www.notretemps.com\/famille\/petits-enfants-grands-parents\/j-en-parle-avec-mes-petits-enfants-c-est-quoi-le-harcelement-scolaire-40790\" title=\"J&#039;en parle avec mes petits-enfants: &quot;C&#039;est quoi, le harc\u00e8lement scolaire&quot;?\">J&#039;en parle avec mes petits-enfants: &quot;C&#039;est quoi, le harc\u00e8lement scolaire&quot;?<\/a>             <br \/>               <a href=\"https:\/\/www.notretemps.com\/famille\/intergeneration\/quels-rituels-vendredis-soir-41429\" title=\"Plateau-repas, sorties, d\u00eener en famille.... Et chez vous, comment se passent les vendredis soir?\">Plateau-repas, sorties, d\u00eener en famille&#8230;. Et chez vous, comment se passent les vendredis soir?<\/a>             <br \/>               <a href=\"https:\/\/www.notretemps.com\/droit-argent\/impots\/quinquennat-emmanuel-macron-fiscalement-tres-favorable-plus-aises-41496\" title=\"Le quinquennat d\u2019Emmanuel Macron fiscalement tr\u00e8s favorable aux plus ais\u00e9s\">Le quinquennat d\u2019Emmanuel Macron fiscalement tr\u00e8s favorable aux plus ais\u00e9s<\/a>             <br \/>               <a href=\"https:\/\/www.notretemps.com\/retraite\/ma-pension\/agirc-arrco-les-retraites-complementaires-augmentent-moins-que-linflation-36821\" title=\"Agirc-Arrco: les retraites compl\u00e9mentaires augmentent moins que l\u2019inflation\">Agirc-Arrco: les retraites compl\u00e9mentaires augmentent moins que l\u2019inflation<\/a>             <br \/>S&rsquo;abonner<br \/>aux magazines<br \/>Nous suivre<br \/>sur les r\u00e9seaux sociaux<br \/>Pour ne rien rater de l&rsquo;actualit\u00e9 avec la newsletter Notre temps<br \/>              <a class=\"button-more\" href=\"\/mes-newsletters?origin=popin\">S&rsquo;inscrire<\/a>            <br \/>C&rsquo;est gratuit et sans engagement!<\/p>\n<p><a href=\"https:\/\/www.notretemps.com\/retraite\/ma-pension\/jai-travaille-en-contrat-tuc-comment-recuperer-mes-trimestres-et-points-de-retraite-41444\">source<\/a><\/p>\n<!--CusAds0-->\n<div style=\"font-size: 0px; height: 0px; line-height: 0px; margin: 0; padding: 0; clear: both;\"><\/div>","protected":false},"excerpt":{"rendered":"<p>Chaque mois Notre Temps vous informe, vous guide, vous accompagne !&copy; AdobestockTuc, ce n\u2019\u00e9tait pas un biscuit, mais un travail d\u2019utilit\u00e9 collective. Les jeunes des ann\u00e9es 1980 se souviennent de ces contrats aid\u00e9s, cr\u00e9\u00e9s pour lutter contre le ch\u00f4mage. 350 000 Fran\u00e7ais en ont sign\u00e9. Probl\u00e8me: \u00e0 l\u2019heure de la retraite, ces p\u00e9riodes travaill\u00e9es n\u2019apparaissent [&hellip;]<\/p>\n","protected":false},"author":1,"featured_media":0,"comment_status":"open","ping_status":"open","sticky":false,"template":"","format":"standard","meta":{"googlesitekit_rrm_CAow1sXXCw:productID":"","_jetpack_memberships_contains_paid_content":false,"footnotes":"","jetpack_publicize_message":"","jetpack_publicize_feature_enabled":true,"jetpack_social_post_already_shared":false,"jetpack_social_options":{"image_generator_settings":{"template":"highway","default_image_id":0,"font":"","enabled":false},"version":2}},"categories":[1],"tags":[],"class_list":["post-607","post","type-post","status-publish","format-standard","hentry","category-non-classe"],"jetpack_publicize_connections":[],"jetpack_featured_media_url":"","jetpack_sharing_enabled":true,"_links":{"self":[{"href":"https:\/\/monblogeur.tech\/index.php\/wp-json\/wp\/v2\/posts\/607","targetHints":{"allow":["GET"]}}],"collection":[{"href":"https:\/\/monblogeur.tech\/index.php\/wp-json\/wp\/v2\/posts"}],"about":[{"href":"https:\/\/monblogeur.tech\/index.php\/wp-json\/wp\/v2\/types\/post"}],"author":[{"embeddable":true,"href":"https:\/\/monblogeur.tech\/index.php\/wp-json\/wp\/v2\/users\/1"}],"replies":[{"embeddable":true,"href":"https:\/\/monblogeur.tech\/index.php\/wp-json\/wp\/v2\/comments?post=607"}],"version-history":[{"count":0,"href":"https:\/\/monblogeur.tech\/index.php\/wp-json\/wp\/v2\/posts\/607\/revisions"}],"wp:attachment":[{"href":"https:\/\/monblogeur.tech\/index.php\/wp-json\/wp\/v2\/media?parent=607"}],"wp:term":[{"taxonomy":"category","embeddable":true,"href":"https:\/\/monblogeur.tech\/index.php\/wp-json\/wp\/v2\/categories?post=607"},{"taxonomy":"post_tag","embeddable":true,"href":"https:\/\/monblogeur.tech\/index.php\/wp-json\/wp\/v2\/tags?post=607"}],"curies":[{"name":"wp","href":"https:\/\/api.w.org\/{rel}","templated":true}]}}