{"id":709,"date":"2021-11-19T08:05:38","date_gmt":"2021-11-19T07:05:38","guid":{"rendered":"https:\/\/monblogeur.tech\/index.php\/2021\/11\/19\/football-clermont-foot-la-formation-au-centre-du-projet-la-montagne\/"},"modified":"2021-11-19T08:05:38","modified_gmt":"2021-11-19T07:05:38","slug":"football-clermont-foot-la-formation-au-centre-du-projet-la-montagne","status":"publish","type":"post","link":"https:\/\/monblogeur.tech\/index.php\/2021\/11\/19\/football-clermont-foot-la-formation-au-centre-du-projet-la-montagne\/","title":{"rendered":"Football &#8211; Clermont Foot : la formation au centre du projet &#8211; La Montagne"},"content":{"rendered":"<div class=\"cfbc967f0983488262956e73eca9483a\" data-index=\"1\" style=\"float: none; margin:10px 0 10px 0; text-align:center;\">\n<script async src=\"https:\/\/pagead2.googlesyndication.com\/pagead\/js\/adsbygoogle.js?client=ca-pub-3859091246952232\" crossorigin=\"anonymous\"><\/script>\r\n<!-- blok -->\r\n<ins class=\"adsbygoogle\" data-ad-client=\"ca-pub-3859091246952232\" data-ad-slot=\"1334354390\"><\/ins>\r\n<script>\r\n     (adsbygoogle = window.adsbygoogle || []).push({});\r\n<\/script>\r\n\n<\/div>\n<p>Publi\u00e9 le 16\/11\/2021 \u00e0 07h30<br \/>Jean-Philippe B\u00e9al<br \/>\u00ab Lors des pr\u00e9c\u00e9dentes tr\u00eaves, on avait privil\u00e9gi\u00e9 les oppositions internes. C\u2019\u00e9tait l\u2019occasion de voir les jeunes contre nous. L\u00e0, on a eu une proposition de Ch\u00e2teauroux (National) qu\u2019on a accept\u00e9e \u00bb, expliquait Pascal Gastien, l&rsquo;entra\u00eeneur du groupe pro du Clermont Foot, en d\u00e9but de semaine derni\u00e8re \u00e0 l\u2019\u00e9vocation du programme \u00e0 venir pour les pros du CF63&nbsp;durant ces deux semaines sans championnat de Ligue 1, t\u00e9moignant du lien \u00e9troit que le \u00ab boss \u00bb entretient avec la formation.<br \/>Et ce match \u00e0 Ch\u00e2teauroux, dans l\u2019application de ce principe comme en raison de l\u2019absence des internationaux et de plusieurs bless\u00e9s, ils sont deux de ces jeunes \u00e0 y avoir \u00e9t\u00e9 convi\u00e9s. Kamdem a ainsi disput\u00e9 toute la rencontre en d\u00e9fense centrale alors que le milieu offensif Diaby a fait son entr\u00e9e en jeu en d\u00e9but de deuxi\u00e8me p\u00e9riode.<br \/>\u00ab Il fallait 6-7 ans avant d\u2019avoir des g\u00e9n\u00e9rations suivies. On est pile dans les temps. \u00bb<br \/>Pascal Gastien<span> (Entra\u00eeneur du Clermont Foot 63)<\/span><br \/>Diaby, tout frais signataire de son premier contrat professionnel : \u00ab C\u2019est quelqu\u2019un qui est complet footballistiquement et qui, en plus, \u00e9coute, qui a envie d\u2019avancer. Il se tient bien, est bien \u00e9duqu\u00e9, travaille et, je pense, g\u00e8re bien les choses. Lui, pour nous les entra\u00eeneurs, \u00e7a doit \u00eatre un bon exemple pour ceux qui sont au centre de formation&nbsp;\u00bb, t\u00e9moignait, encore pour bien d\u00e9crire ce que \u00ab&nbsp;formation&nbsp;\u00bb signifie au sens large, Pascal Gastien. On rappellera que ce dernier a fait son entr\u00e9e au Clermont Foot, \u00e0 l\u2019appel de Corinne Diacre, alors en charge de l\u2019\u00e9quipe de Ligue 2, en tant que directeur du centre.<br \/>Recevez par mail notre newsletter Clermont Foot Jour de match et retrouvez les informations essentielles et exclusives sur votre club favori.<br \/>Diaby, aujourd\u2019hui, mais plus d\u2019une demi-douzaine d\u2019autres avant lui, depuis que le centre de formation du CF63 a ouvert alors que d\u2019autres pointent d\u00e9j\u00e0 les bouts de leurs crampons au seuil du passage chez les pros. Ce qui g\u00e9n\u00e8re la satisfaction du \u00ab&nbsp;patron&nbsp;\u00bb&nbsp;: \u00ab&nbsp;On commence \u00e0 avoir des joueurs qui se rapprochent vraiment du groupe pro, des joueurs comme Clairicia, Bellache, Maurer, Jean-Marie\u2026 En fait, il y en a vraiment pas mal. Il y en a qui sont aussi venus avec nous, comme Mohamed. \u00c7a avance bien\u2026&nbsp;\u00bb<br \/><a href=\"https:\/\/www.lamontagne.fr\/clermont-ferrand-63000\/football\/le-clermont-foot-de-retour-a-l-entrainement-mardi-matin_14045039\">Le Clermont Foot de retour \u00e0 l&rsquo;entra\u00eenement mardi matin<\/a><br \/>Un volume de passage en pro, d\u00e9j\u00e0 effectif ou potentiel&nbsp;: \u00ab&nbsp;En fait, par rapport \u00e0 la cr\u00e9ation du centre, j\u2019avais dit au pr\u00e9sident Michy qu\u2019il fallait 6-7 ans avant d\u2019avoir des g\u00e9n\u00e9rations suivies. On attaque notre sixi\u00e8me ann\u00e9e et on est pile dans les temps&nbsp;\u00bb, pr\u00e9cise Pascal Gastien, qui \u00e9tend sa satisfaction, au fonctionnement g\u00e9n\u00e9ral de la structure&nbsp;: \u00ab&nbsp;\u00c7a travaille vraiment bien. Ann\u00e9e apr\u00e8s ann\u00e9e, le centre se structure. On avance \u00e0 tous les niveaux, avec un encadrement de valeur, des jeunes qui sont mis maintenant dans les meilleures conditions pour r\u00e9ussir, c\u2019est ce qu\u2019on souhaitait.&nbsp;\u00bb<br \/><img decoding=\"async\" class=\"iv3-image\" src=\"https:\/\/www.lamontagne.fr\/photoSRC\/Gw--\/n3-clermont-foot_5778696.jpeg\"><span class=\"c-legende\">Actuelle 5e de son groupe, la r\u00e9serve du Clermont Foot a \u00e9t\u00e9 reprise par Emerse Fa\u00e9 (au centre), arriv\u00e9 cet \u00e9t\u00e9 en provenance de Nice. Il a pris la succession de S\u00e9bastien Mazeyrat (au fond), nouveau directeur du centre de formation clermontois.<\/span><br \/>De fait, la structure s\u2019est \u00e9toff\u00e9e, comme en t\u00e9moigne son directeur depuis cet \u00e9t\u00e9, S\u00e9bastien Mazeyrat, qui a succ\u00e9d\u00e9 \u00e0 Eric Pegorer&nbsp;: \u00ab&nbsp;En six&nbsp;ans, le centre a connu une belle \u00e9volution en ressources humaines. On est pass\u00e9 de cinq salari\u00e9s \u00e0 temps plein \u00e0 une dizaine. On avait un pr\u00e9parateur physique, on est pass\u00e9 \u00e0 deux. On a d\u00e9sormais un analyste vid\u00e9o et un intendant \u00e0 temps plein et des \u00e9ducateurs de niveau sup\u00e9rieur.&nbsp;\u00bb<br \/><span class=\"p-premium\">premium<\/span> <a href=\"https:\/\/www.lamontagne.fr\/clermont-ferrand-63000\/football\/un-clermont-foot-qui-gagne-sur-le-terrain-des-reseaux-sociaux_14043927\">Un Clermont Foot qui gagne sur le terrain des r\u00e9seaux sociaux<\/a><br \/>Le directeur compl\u00e8te&nbsp;: \u00ab&nbsp;L\u2019image, elle est aussi donn\u00e9e par le chef de projet, Pascal Gastien, qui entretient la proximit\u00e9. Il va voir, en match ou aux entra\u00eenements, la r\u00e9serve, les U19, U17 ou autres\u2026 Il assure ce lien avec la r\u00e9serve. Pour les joueurs, le staff, et m\u00eame les parents, d\u2019avoir le coach pro sur leur match, c\u2019est motivant et gage de s\u00e9rieux.&nbsp;\u00bb<br \/><strong>Jean-Philippe B\u00e9al<\/strong><br \/>Vous pouvez envoyer cet article par email \u00e0 vos amis.<br \/>Soyez le premier \u00e0 commenter cet article<br \/><font color=\"#ea1418\"><b>10 places \u00e0 gagner !<br \/><\/b><\/font><b>Jouez et gagnez vos places pour le match du Stade Aurillacois vs Rouen<\/b><br \/><font color=\"#333f48\">Aidez-nous &agrave; am&eacute;liorer notre site en r&eacute;pondant &agrave; notre questionnaire.<\/font><br \/>Vous \u00e9tiez connect\u00e9(e) lors de votre derni\u00e8re visite.<\/p>\n<p><a href=\"https:\/\/www.lamontagne.fr\/clermont-ferrand-63000\/sports\/clermont-foot-la-formation-au-centre-du-projet_14045132\/\">source<\/a><\/p>\n<!--CusAds0-->\n<div style=\"font-size: 0px; height: 0px; line-height: 0px; margin: 0; padding: 0; clear: both;\"><\/div>","protected":false},"excerpt":{"rendered":"<p>Publi\u00e9 le 16\/11\/2021 \u00e0 07h30Jean-Philippe B\u00e9al\u00ab Lors des pr\u00e9c\u00e9dentes tr\u00eaves, on avait privil\u00e9gi\u00e9 les oppositions internes. C\u2019\u00e9tait l\u2019occasion de voir les jeunes contre nous. L\u00e0, on a eu une proposition de Ch\u00e2teauroux (National) qu\u2019on a accept\u00e9e \u00bb, expliquait Pascal Gastien, l&rsquo;entra\u00eeneur du groupe pro du Clermont Foot, en d\u00e9but de semaine derni\u00e8re \u00e0 l\u2019\u00e9vocation du [&hellip;]<\/p>\n","protected":false},"author":1,"featured_media":0,"comment_status":"open","ping_status":"open","sticky":false,"template":"","format":"standard","meta":{"googlesitekit_rrm_CAow1sXXCw:productID":"","_jetpack_memberships_contains_paid_content":false,"footnotes":"","jetpack_publicize_message":"","jetpack_publicize_feature_enabled":true,"jetpack_social_post_already_shared":false,"jetpack_social_options":{"image_generator_settings":{"template":"highway","default_image_id":0,"font":"","enabled":false},"version":2}},"categories":[1],"tags":[],"class_list":["post-709","post","type-post","status-publish","format-standard","hentry","category-non-classe"],"jetpack_publicize_connections":[],"jetpack_featured_media_url":"","jetpack_sharing_enabled":true,"_links":{"self":[{"href":"https:\/\/monblogeur.tech\/index.php\/wp-json\/wp\/v2\/posts\/709","targetHints":{"allow":["GET"]}}],"collection":[{"href":"https:\/\/monblogeur.tech\/index.php\/wp-json\/wp\/v2\/posts"}],"about":[{"href":"https:\/\/monblogeur.tech\/index.php\/wp-json\/wp\/v2\/types\/post"}],"author":[{"embeddable":true,"href":"https:\/\/monblogeur.tech\/index.php\/wp-json\/wp\/v2\/users\/1"}],"replies":[{"embeddable":true,"href":"https:\/\/monblogeur.tech\/index.php\/wp-json\/wp\/v2\/comments?post=709"}],"version-history":[{"count":0,"href":"https:\/\/monblogeur.tech\/index.php\/wp-json\/wp\/v2\/posts\/709\/revisions"}],"wp:attachment":[{"href":"https:\/\/monblogeur.tech\/index.php\/wp-json\/wp\/v2\/media?parent=709"}],"wp:term":[{"taxonomy":"category","embeddable":true,"href":"https:\/\/monblogeur.tech\/index.php\/wp-json\/wp\/v2\/categories?post=709"},{"taxonomy":"post_tag","embeddable":true,"href":"https:\/\/monblogeur.tech\/index.php\/wp-json\/wp\/v2\/tags?post=709"}],"curies":[{"name":"wp","href":"https:\/\/api.w.org\/{rel}","templated":true}]}}