{"id":754,"date":"2021-11-19T13:05:11","date_gmt":"2021-11-19T12:05:11","guid":{"rendered":"https:\/\/monblogeur.tech\/index.php\/2021\/11\/19\/ecole-dart-gerard-jacot-a-belfort-episode-1-de-la-formation-professionnelle-aux-ateliers-grand-public-france-bleu\/"},"modified":"2021-11-19T13:05:11","modified_gmt":"2021-11-19T12:05:11","slug":"ecole-dart-gerard-jacot-a-belfort-episode-1-de-la-formation-professionnelle-aux-ateliers-grand-public-france-bleu","status":"publish","type":"post","link":"https:\/\/monblogeur.tech\/index.php\/2021\/11\/19\/ecole-dart-gerard-jacot-a-belfort-episode-1-de-la-formation-professionnelle-aux-ateliers-grand-public-france-bleu\/","title":{"rendered":"Ecole d&#039;Art G\u00e9rard Jacot \u00e0 Belfort. Episode 1: de la formation professionnelle aux ateliers grand public&#8230; &#8211; France Bleu"},"content":{"rendered":"<div class=\"cfbc967f0983488262956e73eca9483a\" data-index=\"1\" style=\"float: none; margin:10px 0 10px 0; text-align:center;\">\n<script async src=\"https:\/\/pagead2.googlesyndication.com\/pagead\/js\/adsbygoogle.js?client=ca-pub-3859091246952232\" crossorigin=\"anonymous\"><\/script>\r\n<!-- blok -->\r\n<ins class=\"adsbygoogle\" data-ad-client=\"ca-pub-3859091246952232\" data-ad-slot=\"1334354390\"><\/ins>\r\n<script>\r\n     (adsbygoogle = window.adsbygoogle || []).push({});\r\n<\/script>\r\n\n<\/div>\n<p>Aller au :<br \/>                                         Du lundi au vendredi \u00e0 6h20 et 16h20                                     <br \/>                                     &#8230; En passant par des jardins suspendus sur la Corne de l&#039;Esp\u00e9rance!                                 <br \/><a target=\"_blank\" href=\"https:\/\/www.ecole-art-belfort.fr\/\" rel=\"noopener\">L&rsquo;Ecole d&rsquo;art G\u00e9rard Jacot \u00e0 Belfort<\/a> est pr\u00e9sente dans le b\u00e2timent de l&rsquo;avenue de l&rsquo;Esp\u00e9rance depuis 25 ans. Auparavant, elle avait ses ateliers dans l&rsquo;ancien Conservatoire, sur les quais de la Savoureuse.&nbsp;<br \/>Cette semaine dans 100% reportage, Alexandra Mehn vous pr\u00e9sente les activit\u00e9s de la structure et nous commen\u00e7ons la semaine avec le directeur, Jean-Marie Boizeau.<br \/>Le Centre Culturel Simone Veil \u00e0 Montb\u00e9liard. Episode 5: les ateliers c\u00e9ramique<br \/>Avec Cathy Baume, c\u00e9ramiste \u00e0 Etupes<br \/>Le Centre Culturel Simone Veil \u00e0 Montb\u00e9liard. Episode 4: les ateliers cirque<br \/>Avec Alexis Oudin de l&#039;association &quot;L&#039;Odyss\u00e9e du Cirque&quot; \u00e0 H\u00e9ricourt<br \/>Le Centre Culturel Simone Veil \u00e0 Montb\u00e9liard. Episode 3: informatique et activit\u00e9 physique adapt\u00e9e \u00e0 la sant\u00e9<br \/>Suite de la visite avec la responsable, Monique SCOL<br \/>Le Centre Culturel Simone Veil \u00e0 Montb\u00e9liard. Episode 2: le Hata Yoga<br \/>Avec Pascale Briquez, enseignante de yoga <br \/>Le Centre Culturel Simone Veil \u00e0 Montb\u00e9liard. Episode 1: la visite !<br \/>Avec la responsable, Monique SCOL<br \/>Des bo\u00eetes \u00e0 musique anciennes au Mus\u00e9e Japy \u00e0 Beaucourt. Episode 5: la naissance du 78 Tours<br \/>La bo\u00eete \u00e0 musique a \u00e9volu\u00e9 jusqu&#039;\u00e0 la naissance du 78 Tours et du phonographe!<br \/>Des bo\u00eetes \u00e0 musique anciennes au Mus\u00e9e Japy \u00e0 Beaucourt. Episode 4: la visite!<br \/>Comme un air de f\u00eates&#8230;<br \/>    Pour afficher ce contenu Make org, vous devez accepter les cookies <strong>Mesure d&rsquo;audience<\/strong>.<\/p>\n<p>     Ces cookies permettent d\u2019obtenir des statistiques d\u2019audience sur nos offres afin d\u2019optimiser son ergonomie, sa navigation et ses contenus. <\/p>\n<p>Les plus \u00e9cout\u00e9s<br \/>12:52<br \/>Meurtre d&#039;Ang\u00e9lique : la r\u00e9clusion \u00e0 perp\u00e9tuit\u00e9 requise contre David Ramault<br \/>12:44<br \/>VID\u00c9O &#8211; La grande roue s&#039;installe \u00e0 Laval, une premi\u00e8re pour les Lumi\u00e8res de No\u00ebl !<br \/>12:43<br \/>Une trentaine de salari\u00e9s du Leroy-Merlin de Saint-Jean-de-V\u00e9das mobilis\u00e9s<br \/>12:33<br \/>&quot;Chaudun, la montagne bless\u00e9e&quot; une histoire d&#039;hommes et de for\u00eat sign\u00e9e Luc Bronner<br \/>12:24<br \/>Trafic de drogue en Is\u00e8re et dans la Loire sous couvert de boutiques de CBD : 4 personnes mises en examen <br \/>12:21<br \/>VID\u00c9O &#8211; Des lyc\u00e9ens des Hauts-de-France sur les traces de la Shoah en Pologne<br \/>12:15<br \/>N\u00e9gociations dans la restauration : au-del\u00e0 des salaires, la question des conditions de travail<br \/>12:10<br \/>Coronavirus : le masque fait son retour en ext\u00e9rieur en Is\u00e8re<br \/><span>Suivez <\/span><span>France Bleu<\/span><br \/><span class=\"bold\">Services<\/span> France Bleu<br \/>Le trafic<\/p>\n<p>Tout savoir sur la circulation de la r\u00e9gion<br \/><span>T\u00e9l\u00e9charger <\/span>l&#x27;application France Bleu<br \/>France Bleu <!-- -->2021<!-- --> \u2013 Tous droits r\u00e9serv\u00e9s<br \/><span class=\"cne-banner__counter__desktop\">\u00c0 venir dans<\/span><span class=\"cne-banner__counter__mobile\">Dans<\/span><time class=\"cne-banner__time\"><\/time><span class=\"cne-banner__counter__desktop\">secondes<\/span><span class=\"cne-banner__counter__mobile\">s<\/span><\/p>\n<p><a href=\"https:\/\/www.francebleu.fr\/emissions\/100-reportage-a-la-rencontre-des-francs-comtois-engages-sur-le-terrain\/belfort-montbeliard\/ecole-d-art-gerard-jacot-a-belfort-episode-1-de-la-formation-professionnelle-aux-ateliers-grands\">source<\/a><\/p>\n<!--CusAds0-->\n<div style=\"font-size: 0px; height: 0px; line-height: 0px; margin: 0; padding: 0; clear: both;\"><\/div>","protected":false},"excerpt":{"rendered":"<p>Aller au : Du lundi au vendredi \u00e0 6h20 et 16h20 &#8230; En passant par des jardins suspendus sur la Corne de l&#039;Esp\u00e9rance! L&rsquo;Ecole d&rsquo;art G\u00e9rard Jacot \u00e0 Belfort est pr\u00e9sente dans le b\u00e2timent de l&rsquo;avenue de l&rsquo;Esp\u00e9rance depuis 25 ans. Auparavant, elle avait ses ateliers dans l&rsquo;ancien Conservatoire, sur les quais de la Savoureuse.&nbsp;Cette [&hellip;]<\/p>\n","protected":false},"author":1,"featured_media":0,"comment_status":"open","ping_status":"open","sticky":false,"template":"","format":"standard","meta":{"googlesitekit_rrm_CAow1sXXCw:productID":"","_jetpack_memberships_contains_paid_content":false,"footnotes":"","jetpack_publicize_message":"","jetpack_publicize_feature_enabled":true,"jetpack_social_post_already_shared":false,"jetpack_social_options":{"image_generator_settings":{"template":"highway","default_image_id":0,"font":"","enabled":false},"version":2}},"categories":[1],"tags":[],"class_list":["post-754","post","type-post","status-publish","format-standard","hentry","category-non-classe"],"jetpack_publicize_connections":[],"jetpack_featured_media_url":"","jetpack_sharing_enabled":true,"_links":{"self":[{"href":"https:\/\/monblogeur.tech\/index.php\/wp-json\/wp\/v2\/posts\/754","targetHints":{"allow":["GET"]}}],"collection":[{"href":"https:\/\/monblogeur.tech\/index.php\/wp-json\/wp\/v2\/posts"}],"about":[{"href":"https:\/\/monblogeur.tech\/index.php\/wp-json\/wp\/v2\/types\/post"}],"author":[{"embeddable":true,"href":"https:\/\/monblogeur.tech\/index.php\/wp-json\/wp\/v2\/users\/1"}],"replies":[{"embeddable":true,"href":"https:\/\/monblogeur.tech\/index.php\/wp-json\/wp\/v2\/comments?post=754"}],"version-history":[{"count":0,"href":"https:\/\/monblogeur.tech\/index.php\/wp-json\/wp\/v2\/posts\/754\/revisions"}],"wp:attachment":[{"href":"https:\/\/monblogeur.tech\/index.php\/wp-json\/wp\/v2\/media?parent=754"}],"wp:term":[{"taxonomy":"category","embeddable":true,"href":"https:\/\/monblogeur.tech\/index.php\/wp-json\/wp\/v2\/categories?post=754"},{"taxonomy":"post_tag","embeddable":true,"href":"https:\/\/monblogeur.tech\/index.php\/wp-json\/wp\/v2\/tags?post=754"}],"curies":[{"name":"wp","href":"https:\/\/api.w.org\/{rel}","templated":true}]}}