{"id":761,"date":"2021-11-19T13:46:21","date_gmt":"2021-11-19T12:46:21","guid":{"rendered":"https:\/\/monblogeur.tech\/index.php\/2021\/11\/19\/la-formation-professionnelle-au-coeur-des-discussions-entre-les-comites-regionaux-rjb\/"},"modified":"2021-11-19T13:46:21","modified_gmt":"2021-11-19T12:46:21","slug":"la-formation-professionnelle-au-coeur-des-discussions-entre-les-comites-regionaux-rjb","status":"publish","type":"post","link":"https:\/\/monblogeur.tech\/index.php\/2021\/11\/19\/la-formation-professionnelle-au-coeur-des-discussions-entre-les-comites-regionaux-rjb\/","title":{"rendered":"La formation professionnelle au c\u0153ur des discussions entre les comit\u00e9s r\u00e9gionaux &#8211; RJB"},"content":{"rendered":"<div class=\"cfbc967f0983488262956e73eca9483a\" data-index=\"1\" style=\"float: none; margin:10px 0 10px 0; text-align:center;\">\n<script async src=\"https:\/\/pagead2.googlesyndication.com\/pagead\/js\/adsbygoogle.js?client=ca-pub-3859091246952232\" crossorigin=\"anonymous\"><\/script>\r\n<!-- blok -->\r\n<ins class=\"adsbygoogle\" data-ad-client=\"ca-pub-3859091246952232\" data-ad-slot=\"1334354390\"><\/ins>\r\n<script>\r\n     (adsbygoogle = window.adsbygoogle || []).push({});\r\n<\/script>\r\n\n<\/div>\n<p>Veuillez ins\u00e9rer l&rsquo;adresse email utilis\u00e9e pour votre enregistrement :<\/p>\n<p>Votre nouveau mot de passe vous a \u00e9t\u00e9 envoy\u00e9 par e-mail.<br \/><a class=\"btn-subnav collapsed manual-link\" data-toggle=\"collapse\" data-target=\".linked-cat\"><i class=\"fa fa-chevron-down\"><\/i> Rubriques li\u00e9es<\/a><br \/>                                                                       <a href=\"https:\/\/bnj.blob.core.windows.net\/assets\/Htdocs\/Images\/Pictures\/770010.jpg?puid=44c6bd70-c4f3-44b8-909a-d1755ca2149e\" rel=\"shadowbox\" title=\"Les comit\u00e9s seeland.biel\/bienne et Jura bernois.Bienne se sont retrouv\u00e9s \u00e0 Bienne pour \u00e9voquer des th\u00e9matiques r\u00e9gionales. (Photo: archives)\" class=\"zoom\"><img alt=\"Les comit\u00e9s seeland.biel\/bienne et Jura bernois.Bienne se sont retrouv\u00e9s \u00e0 Bienne pour \u00e9voquer des th\u00e9matiques r\u00e9gionales. (Photo: archives)\" class=\"lazy\" data-src=\"https:\/\/bnj.blob.core.windows.net\/assets\/Htdocs\/Images\/IF_Content_813\/770010.jpg?puid=44c6bd70-c4f3-44b8-909a-d1755ca2149e\"  \/><\/a>                                                                                            <span class=\"info\">Les comit\u00e9s seeland.biel\/bienne et Jura bernois.Bienne se sont retrouv\u00e9s \u00e0 Bienne pour \u00e9voquer des th\u00e9matiques r\u00e9gionales. (Photo: archives)<\/span>                                           <\/p>\n<p>Les comit\u00e9s des deux r\u00e9gions seeland.biel\/bienne et Jura bernois.Bienne accordent leurs violons. Ils se sont rencontr\u00e9s le 3 novembre \u00e0 Bienne pour un \u00e9change \u00e0 l\u2019occasion d\u2019une deuxi\u00e8me r\u00e9union apr\u00e8s celle de 2019, selon un communiqu\u00e9 commun transmis jeudi. Les discussions ont port\u00e9 sur le d\u00e9veloppement futur de la formation professionnelle dans la r\u00e9gion Bienne-Seeland-Jura bernois. Les deux comit\u00e9s soutiennent la d\u00e9centralisation de la formation professionnelle pr\u00e9vue par le canton de Berne et se sont mis d&rsquo;accord sur des exigences communes pour la mise en \u0153uvre. Les points essentiels sont la prise en compte des branches fortement ancr\u00e9es dans la r\u00e9gion et la garantie de fili\u00e8res de formation bilingues. Les deux comit\u00e9s ont aussi confirm\u00e9 leur volont\u00e9 de poursuivre et d&rsquo;approfondir la collaboration entre les \u00e9coles professionnelles, les associations \u00e9conomiques et la politique en faveur de la formation professionnelle dans la r\u00e9gion.<br \/>Il a \u00e9galement \u00e9t\u00e9 question des nouveaux instruments de gestion des deux r\u00e9gions avec les objectifs, les champs d&rsquo;activit\u00e9s et les priorit\u00e9s de travail des quatre prochaines ann\u00e9es. L&rsquo;instrument de gestion de Jura bernois.Bienne a \u00e9t\u00e9 adopt\u00e9 par l&rsquo;assembl\u00e9e g\u00e9n\u00e9rale le 28 octobre. Celui de seeland.biel\/bienne sera soumis pour d\u00e9cision \u00e0 l&rsquo;assembl\u00e9e g\u00e9n\u00e9rale du 9 d\u00e9cembre. <\/p>\n<p>Concernant le th\u00e8me du d\u00e9veloppement r\u00e9gional, la \u00ab Fondation pour le rayonnement du Jura bernois \u00bb et le projet de r\u00e9novation et d&rsquo;utilisation future de la Couronne \u00e0 Sonceboz ont \u00e9t\u00e9 pr\u00e9sent\u00e9s. \/comm-emu<br \/><time itemprop=\"datePublished\" datetime=\"2021-11-18T11:38\" class=\"hide\"><\/time><time itemprop=\"dateCreated\" datetime=\"2021-11-18T11:38\">18.11.2021 &#8211; 11:38<\/time><br \/><small>Actualis\u00e9 le <time itemprop=\"dateModified\" datetime=\"2021-11-18T11:41\">18.11.2021 &#8211; 11:41<\/time><\/small><br \/><a href=\"\/rjb\/Actualite\/Region.html\"><b>R\u00e9gion<\/b><\/a>&nbsp;&nbsp;<span>\u2022<\/span>&nbsp;&nbsp;Actualis\u00e9 le 18.11.2021 &#8211; 22:20<br \/><a href=\"\/rjb\/Actualite\/Region.html\"><b>R\u00e9gion<\/b><\/a>&nbsp;&nbsp;<span>\u2022<\/span>&nbsp;&nbsp;Actualis\u00e9 le 18.11.2021 &#8211; 20:34<br \/><a href=\"\/rjb\/Actualite\/Region.html\"><b>R\u00e9gion<\/b><\/a>&nbsp;&nbsp;<span>\u2022<\/span>&nbsp;&nbsp;Actualis\u00e9 le 18.11.2021 &#8211; 16:07<br \/><a href=\"\/rjb\/Actualite\/Region.html\"><b>R\u00e9gion<\/b><\/a>&nbsp;&nbsp;<span>\u2022<\/span>&nbsp;&nbsp;Actualis\u00e9 le 18.11.2021 &#8211; 17:39<br \/><a href=\"\/rjb\/Actualite\/Region.html\"><b>R\u00e9gion<\/b><\/a>&nbsp;&nbsp;<span>\u2022<\/span>&nbsp;&nbsp;Actualis\u00e9 le 18.11.2021 &#8211; 16:07<br \/><a href=\"\/rjb\/Actualite\/Region.html\"><b>R\u00e9gion<\/b><\/a>&nbsp;&nbsp;<span>\u2022<\/span>&nbsp;&nbsp;Actualis\u00e9 le 18.11.2021 &#8211; 16:28<br \/><a href=\"\/rjb\/Actualite\/Region.html\"><b>R\u00e9gion<\/b><\/a>&nbsp;&nbsp;<span>\u2022<\/span>&nbsp;&nbsp;Actualis\u00e9 le 18.11.2021 &#8211; 16:54<br \/><a href=\"\/rjb\/Actualite\/Region.html\"><b>R\u00e9gion<\/b><\/a>&nbsp;&nbsp;<span>\u2022<\/span>&nbsp;&nbsp;Actualis\u00e9 le 18.11.2021 &#8211; 17:39<br \/><a href=\"\/rjb\/Actualite\/Region.html\"><b>R\u00e9gion<\/b><\/a>&nbsp;&nbsp;<span>\u2022<\/span>&nbsp;&nbsp;Actualis\u00e9 le 18.11.2021 &#8211; 14:42<br \/><a href=\"\/rjb\/Actualite\/Region.html\"><b>R\u00e9gion<\/b><\/a>&nbsp;&nbsp;<span>\u2022<\/span>&nbsp;&nbsp;Actualis\u00e9 le 18.11.2021 &#8211; 16:28<br \/><a href=\"\/rjb\/Actualite\/Region.html\"><b>R\u00e9gion<\/b><\/a>&nbsp;&nbsp;<span>\u2022<\/span>&nbsp;&nbsp;Actualis\u00e9 le 18.11.2021 &#8211; 16:54<br \/><a href=\"\/rjb\/Actualite\/Region.html\"><b>R\u00e9gion<\/b><\/a>&nbsp;&nbsp;<span>\u2022<\/span>&nbsp;&nbsp;Actualis\u00e9 le 18.11.2021 &#8211; 17:39<br \/><a href=\"\/rjb\/Actualite\/Region.html\"><b>R\u00e9gion<\/b><\/a>&nbsp;&nbsp;<span>\u2022<\/span>&nbsp;&nbsp;Actualis\u00e9 le 18.11.2021 &#8211; 12:00<br \/><a href=\"\/rjb\/Actualite\/Region.html\"><b>R\u00e9gion<\/b><\/a>&nbsp;&nbsp;<span>\u2022<\/span>&nbsp;&nbsp;Actualis\u00e9 le 18.11.2021 &#8211; 14:42<br \/><a href=\"\/rjb\/Actualite\/Region.html\"><b>R\u00e9gion<\/b><\/a>&nbsp;&nbsp;<span>\u2022<\/span>&nbsp;&nbsp;Actualis\u00e9 le 18.11.2021 &#8211; 15:44<br \/><a href=\"\/rjb\/Actualite\/Region.html\"><b>R\u00e9gion<\/b><\/a>&nbsp;&nbsp;<span>\u2022<\/span>&nbsp;&nbsp;Actualis\u00e9 le 18.11.2021 &#8211; 16:28<br \/>Pour tout savoir sur l&rsquo;actualit\u00e9 inscrivez-vous \u00e0 notre newsletter et recevez chaque soir d\u00e8s 16h30 toutes les news de la journ\u00e9e.<br \/><a class=\"btn-subnav collapsed manual-link\" data-toggle=\"collapse\" data-target=\".mini-bread\"><i class=\"fa fa-chevron-down\"><\/i> Vous \u00eates ici<\/a> <br \/>Carte S\u00e9same<br \/>Swiss Radioplayer<br \/>Nos applications mobiles<br \/>Offres d&#8217;emploi<br \/>BNJ FM SA &#8211; Programme  RJB <br \/> \t\t\t\t\t\t L&rsquo;Orgerie 9 &#8211; CH-2710 Tavannes  <br \/> \t\t\t\t\t\t T\u00e9l : +41 (0)32 482 60 30 &#8211; Fax : +41 (0)32 482 60 27  &#8211; <a href=\"\/rjb\/Radio\/Contact.html\">Contact<\/a> &#8211; <a href=\"\/rjb\/Plan-du-site.html\">Plan du site<\/a><br \/>Copyright \u00a9 1999-2021 BNJ FM SA <br \/> \t\t\t\t\t\t<a href=\"http:\/\/www.artionet.ch\" target=\"_blank\" rel=\"noopener\">Powered by Artionet<\/a> &#8211; <a href=\"http:\/\/www.icecube2.net\" target=\"_blank\" rel=\"noopener\">Generated with IceCube2.Net<\/a> \t\t\t\t\t<br \/><time itemprop=\"datePublished\" datetime=\"2021-11-18T11:38\" class=\"hide\"><\/time><time itemprop=\"dateCreated\" datetime=\"2021-11-18T11:38\">18.11.2021 &#8211; 11:38<\/time><br \/><small>Actualis\u00e9 le <time itemprop=\"dateModified\" datetime=\"2021-11-18T11:41\">18.11.2021 &#8211; 11:41<\/time><\/small><\/p>\n<p><a href=\"https:\/\/www.rjb.ch\/rjb\/Actualite\/Region\/20211118-La-formation-professionnelle-au-coeur-des-discussions-entre-les-comites-regionaux.html\">source<\/a><\/p>\n<!--CusAds0-->\n<div style=\"font-size: 0px; height: 0px; line-height: 0px; margin: 0; padding: 0; clear: both;\"><\/div>","protected":false},"excerpt":{"rendered":"<p>Veuillez ins\u00e9rer l&rsquo;adresse email utilis\u00e9e pour votre enregistrement : Votre nouveau mot de passe vous a \u00e9t\u00e9 envoy\u00e9 par e-mail. Rubriques li\u00e9es Les comit\u00e9s seeland.biel\/bienne et Jura bernois.Bienne se sont retrouv\u00e9s \u00e0 Bienne pour \u00e9voquer des th\u00e9matiques r\u00e9gionales. (Photo: archives) Les comit\u00e9s des deux r\u00e9gions seeland.biel\/bienne et Jura bernois.Bienne accordent leurs violons. Ils se sont [&hellip;]<\/p>\n","protected":false},"author":1,"featured_media":0,"comment_status":"open","ping_status":"open","sticky":false,"template":"","format":"standard","meta":{"googlesitekit_rrm_CAow1sXXCw:productID":"","_jetpack_memberships_contains_paid_content":false,"footnotes":"","jetpack_publicize_message":"","jetpack_publicize_feature_enabled":true,"jetpack_social_post_already_shared":false,"jetpack_social_options":{"image_generator_settings":{"template":"highway","default_image_id":0,"font":"","enabled":false},"version":2}},"categories":[1],"tags":[],"class_list":["post-761","post","type-post","status-publish","format-standard","hentry","category-non-classe"],"jetpack_publicize_connections":[],"jetpack_featured_media_url":"","jetpack_sharing_enabled":true,"_links":{"self":[{"href":"https:\/\/monblogeur.tech\/index.php\/wp-json\/wp\/v2\/posts\/761","targetHints":{"allow":["GET"]}}],"collection":[{"href":"https:\/\/monblogeur.tech\/index.php\/wp-json\/wp\/v2\/posts"}],"about":[{"href":"https:\/\/monblogeur.tech\/index.php\/wp-json\/wp\/v2\/types\/post"}],"author":[{"embeddable":true,"href":"https:\/\/monblogeur.tech\/index.php\/wp-json\/wp\/v2\/users\/1"}],"replies":[{"embeddable":true,"href":"https:\/\/monblogeur.tech\/index.php\/wp-json\/wp\/v2\/comments?post=761"}],"version-history":[{"count":0,"href":"https:\/\/monblogeur.tech\/index.php\/wp-json\/wp\/v2\/posts\/761\/revisions"}],"wp:attachment":[{"href":"https:\/\/monblogeur.tech\/index.php\/wp-json\/wp\/v2\/media?parent=761"}],"wp:term":[{"taxonomy":"category","embeddable":true,"href":"https:\/\/monblogeur.tech\/index.php\/wp-json\/wp\/v2\/categories?post=761"},{"taxonomy":"post_tag","embeddable":true,"href":"https:\/\/monblogeur.tech\/index.php\/wp-json\/wp\/v2\/tags?post=761"}],"curies":[{"name":"wp","href":"https:\/\/api.w.org\/{rel}","templated":true}]}}