{"id":772,"date":"2021-11-19T14:47:06","date_gmt":"2021-11-19T13:47:06","guid":{"rendered":"https:\/\/monblogeur.tech\/index.php\/2021\/11\/19\/millau-le-som-rugby-joue-la-carte-de-la-formation-journal-de-millau\/"},"modified":"2021-11-19T14:47:06","modified_gmt":"2021-11-19T13:47:06","slug":"millau-le-som-rugby-joue-la-carte-de-la-formation-journal-de-millau","status":"publish","type":"post","link":"https:\/\/monblogeur.tech\/index.php\/2021\/11\/19\/millau-le-som-rugby-joue-la-carte-de-la-formation-journal-de-millau\/","title":{"rendered":"[Millau] Le SOM Rugby joue la carte de la formation &#8211; Journal de Millau"},"content":{"rendered":"<div class=\"cfbc967f0983488262956e73eca9483a\" data-index=\"1\" style=\"float: none; margin:10px 0 10px 0; text-align:center;\">\n<script async src=\"https:\/\/pagead2.googlesyndication.com\/pagead\/js\/adsbygoogle.js?client=ca-pub-3859091246952232\" crossorigin=\"anonymous\"><\/script>\r\n<!-- blok -->\r\n<ins class=\"adsbygoogle\" data-ad-client=\"ca-pub-3859091246952232\" data-ad-slot=\"1334354390\"><\/ins>\r\n<script>\r\n     (adsbygoogle = window.adsbygoogle || []).push({});\r\n<\/script>\r\n\n<\/div>\n<p>Il y a une dizaine d\u2019ann\u00e9es, bon nombre de supporters millavois de la balle ovale reprochaient aux dirigeants de l\u2019\u00e9poque de ne pas faire \u00e9voluer sur la pelouse du municipal, les joueurs du cru en pr\u00e9f\u00e9rant \u00ab faire monter d\u2019en bas \u00bb des joueurs du Languedoc. Une critique \u00e9mise \u00e9galement en son temps par les \u00e9ducateurs. Mercredi dernier en fin de matin\u00e9e, c\u2019est un tout autre discours qui \u00e9tait \u00e0 l\u2019ordre du jour puisque ce jour l\u00e0 \u00e9tait officialis\u00e9 le centre d\u2019entra\u00eenement mis en place par la section somiste en collaboration avec le lyc\u00e9e Jean-Vigo sous la houlette de la F\u00e9d\u00e9ration Fran\u00e7aise de Rugby. Un centre qui accueille pour sa premi\u00e8re ann\u00e9e, 15 filles et 13 gar\u00e7ons dont la plupart \u00e9voluent d\u00e9j\u00e0 dans les \u00e9quipes somistes.<\/p>\n<p>[\u2026] <br \/>La suite de cet article est \u00e0 lire dans l\u2019\u00e9dition papier du Journal de Millau du 18 novembre 2021.<br \/><a href=\"https:\/\/www.journaldemillau.fr\/abonnements-au-journal-de-millau\/\">Abonnez-vous \u00e0 l\u2019\u00e9dition num\u00e9rique<\/a><\/p>\n<p>J. B.<br \/>\u00a0<br \/><a href=\"https:\/\/www.journaldemillau.fr\/wp-content\/uploads\/2021\/11\/JDM-2021-11-18.jpg\"><img decoding=\"async\" loading=\"lazy\" class=\"aligncenter wp-image-52798 size-full lazy\" src=\"data:image\/svg+xml,%3Csvg%20xmlns='http:\/\/www.w3.org\/2000\/svg'%20viewBox='0%200%20500%20714'%3E%3C\/svg%3E\" data-src=\"https:\/\/www.journaldemillau.fr\/wp-content\/uploads\/2021\/11\/JDM-2021-11-18.jpg\" alt=\"\" width=\"500\" height=\"714\" data-srcset=\"https:\/\/www.journaldemillau.fr\/wp-content\/uploads\/2021\/11\/JDM-2021-11-18.jpg 500w, https:\/\/www.journaldemillau.fr\/wp-content\/uploads\/2021\/11\/JDM-2021-11-18-210x300.jpg 210w, https:\/\/www.journaldemillau.fr\/wp-content\/uploads\/2021\/11\/JDM-2021-11-18-294x420.jpg 294w, https:\/\/www.journaldemillau.fr\/wp-content\/uploads\/2021\/11\/JDM-2021-11-18-336x480.jpg 336w\" data-sizes=\"(max-width: 500px) 100vw, 500px\" \/><\/a><br \/><span style=\"text-align: justify;\"><span style=\"color: #ff0000; font-family: impact, sans-serif;\"><span style=\"font-size: 80px;\">2<br \/> <\/span><\/span><\/span><br \/><a href=\"https:\/\/www.journaldemillau.fr\/wp-content\/uploads\/2021\/11\/le-chiffre-1.jpg\"><img decoding=\"async\" loading=\"lazy\" class=\"aligncenter wp-image-52800 size-full lazy\" src=\"data:image\/svg+xml,%3Csvg%20xmlns='http:\/\/www.w3.org\/2000\/svg'%20viewBox='0%200%20453%20609'%3E%3C\/svg%3E\" data-src=\"https:\/\/www.journaldemillau.fr\/wp-content\/uploads\/2021\/11\/le-chiffre-1.jpg\" alt=\"\" width=\"453\" height=\"609\" data-srcset=\"https:\/\/www.journaldemillau.fr\/wp-content\/uploads\/2021\/11\/le-chiffre-1.jpg 453w, https:\/\/www.journaldemillau.fr\/wp-content\/uploads\/2021\/11\/le-chiffre-1-223x300.jpg 223w, https:\/\/www.journaldemillau.fr\/wp-content\/uploads\/2021\/11\/le-chiffre-1-312x420.jpg 312w, https:\/\/www.journaldemillau.fr\/wp-content\/uploads\/2021\/11\/le-chiffre-1-357x480.jpg 357w\" data-sizes=\"(max-width: 453px) 100vw, 453px\" \/><\/a><br \/><strong>Comme le nombre de webcams install\u00e9es \u00e0 la fin de l\u2019\u00e9t\u00e9 sur les aires d\u2019envol de la Pouncho et de Brunas. Les deux cam\u00e9ras fonctionnent tous les jours en\u00a0 continu et permettent d\u2019avoir un acc\u00e8s en temps r\u00e9el aux paysages et \u00e0 la m\u00e9t\u00e9o<\/strong>. Une plus-value pour les professionnels du vol libre et parapentistes amateurs, qui peuvent ainsi v\u00e9rifier si les conditions de vol sont r\u00e9unies. Les cam\u00e9ras sont visibles depuis le site www.webcam-millau.fr. Et ont d\u00e9j\u00e0 suscit\u00e9 l\u2019engouement :\u00a0 quelques jours seulement apr\u00e8s leur mise en ligne, le lever de soleil sur Millau faisait la Une de la matinale de LCI\u2026.<\/p>\n<p><a href=\"https:\/\/www.journaldemillau.fr\/2021\/11\/18\/millau-le-som-rugby-joue-la-carte-de-la-formation\/\">source<\/a><\/p>\n<!--CusAds0-->\n<div style=\"font-size: 0px; height: 0px; line-height: 0px; margin: 0; padding: 0; clear: both;\"><\/div>","protected":false},"excerpt":{"rendered":"<p>Il y a une dizaine d\u2019ann\u00e9es, bon nombre de supporters millavois de la balle ovale reprochaient aux dirigeants de l\u2019\u00e9poque de ne pas faire \u00e9voluer sur la pelouse du municipal, les joueurs du cru en pr\u00e9f\u00e9rant \u00ab faire monter d\u2019en bas \u00bb des joueurs du Languedoc. Une critique \u00e9mise \u00e9galement en son temps par les [&hellip;]<\/p>\n","protected":false},"author":1,"featured_media":0,"comment_status":"open","ping_status":"open","sticky":false,"template":"","format":"standard","meta":{"googlesitekit_rrm_CAow1sXXCw:productID":"","_jetpack_memberships_contains_paid_content":false,"footnotes":"","jetpack_publicize_message":"","jetpack_publicize_feature_enabled":true,"jetpack_social_post_already_shared":false,"jetpack_social_options":{"image_generator_settings":{"template":"highway","default_image_id":0,"font":"","enabled":false},"version":2}},"categories":[1],"tags":[],"class_list":["post-772","post","type-post","status-publish","format-standard","hentry","category-non-classe"],"jetpack_publicize_connections":[],"jetpack_featured_media_url":"","jetpack_sharing_enabled":true,"_links":{"self":[{"href":"https:\/\/monblogeur.tech\/index.php\/wp-json\/wp\/v2\/posts\/772","targetHints":{"allow":["GET"]}}],"collection":[{"href":"https:\/\/monblogeur.tech\/index.php\/wp-json\/wp\/v2\/posts"}],"about":[{"href":"https:\/\/monblogeur.tech\/index.php\/wp-json\/wp\/v2\/types\/post"}],"author":[{"embeddable":true,"href":"https:\/\/monblogeur.tech\/index.php\/wp-json\/wp\/v2\/users\/1"}],"replies":[{"embeddable":true,"href":"https:\/\/monblogeur.tech\/index.php\/wp-json\/wp\/v2\/comments?post=772"}],"version-history":[{"count":0,"href":"https:\/\/monblogeur.tech\/index.php\/wp-json\/wp\/v2\/posts\/772\/revisions"}],"wp:attachment":[{"href":"https:\/\/monblogeur.tech\/index.php\/wp-json\/wp\/v2\/media?parent=772"}],"wp:term":[{"taxonomy":"category","embeddable":true,"href":"https:\/\/monblogeur.tech\/index.php\/wp-json\/wp\/v2\/categories?post=772"},{"taxonomy":"post_tag","embeddable":true,"href":"https:\/\/monblogeur.tech\/index.php\/wp-json\/wp\/v2\/tags?post=772"}],"curies":[{"name":"wp","href":"https:\/\/api.w.org\/{rel}","templated":true}]}}