{"id":797,"date":"2021-11-19T19:43:10","date_gmt":"2021-11-19T18:43:10","guid":{"rendered":"https:\/\/monblogeur.tech\/index.php\/2021\/11\/19\/se-former-au-leadership-avec-la-formation-proposee-par-cegos-studyrama\/"},"modified":"2021-11-19T19:43:10","modified_gmt":"2021-11-19T18:43:10","slug":"se-former-au-leadership-avec-la-formation-proposee-par-cegos-studyrama","status":"publish","type":"post","link":"https:\/\/monblogeur.tech\/index.php\/2021\/11\/19\/se-former-au-leadership-avec-la-formation-proposee-par-cegos-studyrama\/","title":{"rendered":"Se former au leadership avec la formation propos\u00e9e par Cegos &#8211; Studyrama"},"content":{"rendered":"<div class=\"cfbc967f0983488262956e73eca9483a\" data-index=\"1\" style=\"float: none; margin:10px 0 10px 0; text-align:center;\">\n<script async src=\"https:\/\/pagead2.googlesyndication.com\/pagead\/js\/adsbygoogle.js?client=ca-pub-3859091246952232\" crossorigin=\"anonymous\"><\/script>\r\n<!-- blok -->\r\n<ins class=\"adsbygoogle\" data-ad-client=\"ca-pub-3859091246952232\" data-ad-slot=\"1334354390\"><\/ins>\r\n<script>\r\n     (adsbygoogle = window.adsbygoogle || []).push({});\r\n<\/script>\r\n\n<\/div>\n<p><a href=\"\/pro\/\">ACCUEIL<\/a> >> <a href=\"\/pro\/efficacite-professionnelle\/efficacite-professionnelle-7.html\">Efficacit\u00e9 professionnelle<\/a> >> <a href=\"\/pro\/efficacite-professionnelle\/manager-20425.html\">Manager<\/a> >> <span class=\"arianne_color\">Cegos propose une formation immersive et internationale au leadership <\/span><br \/>Le Groupe Cegos a lanc\u00e9 en Europe le programme &laquo; Leader of the Future &raquo;. Immersive et 100% \u00e0 distance, cette formation internationale au leadership se structure autour de cinq journ\u00e9es, agr\u00e9ment\u00e9es d&rsquo;activit\u00e9s compl\u00e9mentaires avant et apr\u00e8s la formation.<br \/><strong>(Re)dynamisez votre carri\u00e8re !<\/strong><br \/>Managers, futurs managers, dirigeants : si vous souhaitez renforcer votre expertise professionnelle, rendez-vous sur le prochain <a href=\"\/pro\/formation\/reprendre-une-formation\/salon-virtuel-studyrama-pro-ma-formation-executive-22213.html\"><strong>salon virtuel \u201cMa Formation Executive\u201d<\/strong><\/a> organis\u00e9 par Studyrama Pro.<br \/>La question du leadership est cruciale <strong>pour les dirigeants, les <a href=\"\/pro\/efficacite-professionnelle\/manager-20425.html\">managers<\/a> <\/strong>et les \u00e9quipes tout enti\u00e8res. Suite \u00e0 la crise sanitaire qui interroge <strong>les modes de travail et de management<\/strong>, l\u2019enjeu du leadership se fait d\u2019autant plus ressentir.<br \/>Comme l\u2019explique Annick Allegret, membre du Directoire du Groupe Cegos,<em> \u00ab en mati\u00e8re de leadership, l\u2019acquisition et le d\u00e9veloppement des comp\u00e9tences ne sont pleinement efficaces que si l\u2019apprentissage est lui-m\u00eame adapt\u00e9 \u00e0 l\u2019environnement \u00e9conomique actuel. \u00bb<\/em> Ainsi, la formation propos\u00e9e par Cegos souhaite permettre aux participants <strong>d\u2019adapter leurs <a href=\"\/pro\/efficacite-professionnelle\/manager\/management-comment-prendre-les-bonnes-decisions-18790.html\">comp\u00e9tences manag\u00e9riales<\/a><\/strong> aux changements rencontr\u00e9s par les organisations.<br \/>Cette <a href=\"https:\/\/www.cegos.fr\/formations\/management-et-leadership\/leader-of-the-future\" target=\"_blank\" rel=\"noopener\">formation<\/a>, qui s\u2019effectue <strong>enti\u00e8rement \u00e0 distance<\/strong>, a pour objectif de former <strong>des leaders pr\u00eats pour l\u2019avenir<\/strong> et capable de naviguer dans un monde en pleine transformation. Le programme comprend des ateliers virtuels, des mises en pratique, des missions collectives et individuelles, et m\u00eame des activit\u00e9s physiques.<br \/>Le cursus se d\u00e9roule sur <strong>5 journ\u00e9es intensives<\/strong>, pendant lesquelles les <strong>participants du monde entier<\/strong> participent \u00e0 des <strong>sessions en anglais<\/strong>. Tous profitent d\u2019\u00e9changes constants qui leur permettent, en plus de la formation, de d\u00e9couvrir de nouvelles cultures.<br \/>En amont de la <strong>semaine d\u2019immersion<\/strong>, le processus de formation d\u00e9bute par une analyse et une \u00e9valuation (auto\u00a0et par les pairs) de son <a href=\"\/pro\/efficacite-professionnelle\/manager\/quel-type-de-manager-etes-vous-18788.html\">style de leadership<\/a> et de ses performances, ainsi que par une \u00e9tude de cas. Apr\u00e8s la semaine d\u2019immersion, des <strong>activit\u00e9s de suivi<\/strong> sont planifi\u00e9es pour s\u2019assurer de la <strong>mise en \u0153uvre des acquis de la formation<\/strong> en situation r\u00e9elle de travail.<br \/>\u00a0<br \/><a href=\"\/pro\/videos\/apprendre-le-mandarin-ou-l-arabe-est-ce-aussi-difficile-qu-l-imagine-22326.html\"><img decoding=\"async\" alt=\"\" class=\"play\" src=\"\/pro\/sites\/all\/themes\/studyrama\/images\/play-video.png\" \/>\u00a0<img decoding=\"async\" alt=\"Replay de la vid\u00e9o : id\u00e9es re\u00e7ues sur l'apprentissage du chinois ou de l'arabe\" src=\"\/pro\/sites\/default\/files\/images\/video-apprendre_arabe_chinois.png\" style=\"height:232px; width:400px\" \/><\/a><br \/><strong><a class=\"block white right\" href=\"\/pro\/videos\/apprendre-le-mandarin-ou-l-arabe-est-ce-aussi-difficile-qu-l-imagine-22326.html\">REPLAY<br \/>Apprendre le mandarin ou l&rsquo;arabe :<br \/>est-ce aussi difficile qu&rsquo;on l&rsquo;imagine ?\u00a0<\/a><\/strong><\/p>\n<p><a href=\"https:\/\/www.studyrama.com\/pro\/efficacite-professionnelle\/manager\/cegos-propose-une-formation-immersive-et-internationale-au-leadership-22387.html\">source<\/a><\/p>\n<!--CusAds0-->\n<div style=\"font-size: 0px; height: 0px; line-height: 0px; margin: 0; padding: 0; clear: both;\"><\/div>","protected":false},"excerpt":{"rendered":"<p>ACCUEIL >> Efficacit\u00e9 professionnelle >> Manager >> Cegos propose une formation immersive et internationale au leadership Le Groupe Cegos a lanc\u00e9 en Europe le programme &laquo; Leader of the Future &raquo;. Immersive et 100% \u00e0 distance, cette formation internationale au leadership se structure autour de cinq journ\u00e9es, agr\u00e9ment\u00e9es d&rsquo;activit\u00e9s compl\u00e9mentaires avant et apr\u00e8s la formation.(Re)dynamisez [&hellip;]<\/p>\n","protected":false},"author":1,"featured_media":0,"comment_status":"open","ping_status":"open","sticky":false,"template":"","format":"standard","meta":{"googlesitekit_rrm_CAow1sXXCw:productID":"","_jetpack_memberships_contains_paid_content":false,"footnotes":"","jetpack_publicize_message":"","jetpack_publicize_feature_enabled":true,"jetpack_social_post_already_shared":false,"jetpack_social_options":{"image_generator_settings":{"template":"highway","default_image_id":0,"font":"","enabled":false},"version":2}},"categories":[1],"tags":[],"class_list":["post-797","post","type-post","status-publish","format-standard","hentry","category-non-classe"],"jetpack_publicize_connections":[],"jetpack_featured_media_url":"","jetpack_sharing_enabled":true,"_links":{"self":[{"href":"https:\/\/monblogeur.tech\/index.php\/wp-json\/wp\/v2\/posts\/797","targetHints":{"allow":["GET"]}}],"collection":[{"href":"https:\/\/monblogeur.tech\/index.php\/wp-json\/wp\/v2\/posts"}],"about":[{"href":"https:\/\/monblogeur.tech\/index.php\/wp-json\/wp\/v2\/types\/post"}],"author":[{"embeddable":true,"href":"https:\/\/monblogeur.tech\/index.php\/wp-json\/wp\/v2\/users\/1"}],"replies":[{"embeddable":true,"href":"https:\/\/monblogeur.tech\/index.php\/wp-json\/wp\/v2\/comments?post=797"}],"version-history":[{"count":0,"href":"https:\/\/monblogeur.tech\/index.php\/wp-json\/wp\/v2\/posts\/797\/revisions"}],"wp:attachment":[{"href":"https:\/\/monblogeur.tech\/index.php\/wp-json\/wp\/v2\/media?parent=797"}],"wp:term":[{"taxonomy":"category","embeddable":true,"href":"https:\/\/monblogeur.tech\/index.php\/wp-json\/wp\/v2\/categories?post=797"},{"taxonomy":"post_tag","embeddable":true,"href":"https:\/\/monblogeur.tech\/index.php\/wp-json\/wp\/v2\/tags?post=797"}],"curies":[{"name":"wp","href":"https:\/\/api.w.org\/{rel}","templated":true}]}}