{"id":800,"date":"2021-11-19T20:18:07","date_gmt":"2021-11-19T19:18:07","guid":{"rendered":"https:\/\/monblogeur.tech\/index.php\/2021\/11\/19\/formation-un-nouveau-campus-dedie-a-la-domotique-batiweb-com\/"},"modified":"2021-11-19T20:18:07","modified_gmt":"2021-11-19T19:18:07","slug":"formation-un-nouveau-campus-dedie-a-la-domotique-batiweb-com","status":"publish","type":"post","link":"https:\/\/monblogeur.tech\/index.php\/2021\/11\/19\/formation-un-nouveau-campus-dedie-a-la-domotique-batiweb-com\/","title":{"rendered":"Formation : un nouveau campus d\u00e9di\u00e9 \u00e0 la domotique &#8211; Batiweb.com"},"content":{"rendered":"<div class=\"cfbc967f0983488262956e73eca9483a\" data-index=\"1\" style=\"float: none; margin:10px 0 10px 0; text-align:center;\">\n<script async src=\"https:\/\/pagead2.googlesyndication.com\/pagead\/js\/adsbygoogle.js?client=ca-pub-3859091246952232\" crossorigin=\"anonymous\"><\/script>\r\n<!-- blok -->\r\n<ins class=\"adsbygoogle\" data-ad-client=\"ca-pub-3859091246952232\" data-ad-slot=\"1334354390\"><\/ins>\r\n<script>\r\n     (adsbygoogle = window.adsbygoogle || []).push({});\r\n<\/script>\r\n\n<\/div>\n<p><span style=\"color:null;\"><span style=\"caret-color:#000000\"><span style=\"font-style:normal\"><span style=\"font-variant-caps:normal\"><span style=\"font-weight:normal\"><span style=\"letter-spacing:normal\"><span style=\"text-transform:none\"><span style=\"white-space:normal\"><span style=\"word-spacing:0px\"><span style=\"text-decoration:none\"><font face=\"Arial, sans-serif\">Ce mardi 16 novembre &eacute;tait inaugur&eacute; le Campus &Eacute;lectricit&eacute; et Environnements Connect&eacute;s, cr&eacute;&eacute; par le BTP CFA Gironde et le CFA Ducretet Nouvelle-Aquitaine, et situ&eacute; &agrave; M&eacute;rignac.<\/font><\/span><\/span><\/span><\/span><\/span><\/span><\/span><\/span><\/span><\/span><br \/>&nbsp;<br \/><span style=\"color:null;\"><span style=\"caret-color:#000000\"><span style=\"font-style:normal\"><span style=\"font-variant-caps:normal\"><span style=\"font-weight:normal\"><span style=\"letter-spacing:normal\"><span style=\"text-transform:none\"><span style=\"white-space:normal\"><span style=\"word-spacing:0px\"><span style=\"text-decoration:none\"><font face=\"Arial, sans-serif\">Ce nouveau campus, d&#39;une surface de 950 m2, rassemble les fili&egrave;res de formation d&eacute;di&eacute;es &agrave; <a href=\"https:\/\/www.batiweb.com\/actualites\/smart-home\/lancement-de-la-certification-integrateur-smart-home-32694\" target=\"_blank\" rel=\"noopener\">la smart home<\/a> et &agrave; la smart city, pour r&eacute;pondre au contrat strat&eacute;gique de la fili&egrave;re de l&#39;infrastructure num&eacute;rique, et aux nouveaux besoins en mati&egrave;re de formation &agrave; la gestion intelligente des b&acirc;timents.<\/font><\/span><\/span><\/span><\/span><\/span><\/span><\/span><\/span><\/span><\/span><br \/>&nbsp;<br \/><span style=\"color:null;\"><span style=\"caret-color:#000000\"><span style=\"font-style:normal\"><span style=\"font-variant-caps:normal\"><span style=\"font-weight:normal\"><span style=\"letter-spacing:normal\"><span style=\"text-transform:none\"><span style=\"white-space:normal\"><span style=\"word-spacing:0px\"><span style=\"text-decoration:none\"><font face=\"Arial, sans-serif\">Il r&eacute;unit aussi bien les m&eacute;tiers de <a href=\"https:\/\/www.batiweb.com\/actualites\/vie-pratique\/electricite-et-domotique-des-objets-et-systemes-connectes-pour-la-maison-37776\" target=\"_blank\" rel=\"noopener\">l&#39;&eacute;lectricit&eacute;<\/a>, de la gestion de l&#39;&eacute;nergie, et de la connectivit&eacute;, que ceux de la vente et de la r&eacute;paration de biens techniques de l&#39;habitat, &laquo;&nbsp;<i>pour d&eacute;velopper une approche plus collaborative et plus connect&eacute;e<\/i>&nbsp;&raquo;.<\/font><\/span><\/span><\/span><\/span><\/span><\/span><\/span><\/span><\/span><\/span><br \/>&nbsp;<br \/><span style=\"color:null;\"><span style=\"caret-color:#000000\"><span style=\"font-style:normal\"><span style=\"font-variant-caps:normal\"><span style=\"font-weight:normal\"><span style=\"letter-spacing:normal\"><span style=\"text-transform:none\"><span style=\"white-space:normal\"><span style=\"word-spacing:0px\"><span style=\"text-decoration:none\"><font face=\"Arial, sans-serif\">Les m&eacute;thodes p&eacute;dagogiques privil&eacute;gient la pratique, avec des mises en situation, des exp&eacute;rimentations, et le recours &agrave; la r&eacute;alit&eacute; vituelle. Les apprentis travaillent sur des maquette d&eacute;di&eacute;es aux raccordements, aux installations et aux configurations, pour reproduire les diff&eacute;rentes pi&egrave;ces de l&#39;habitat et programmer des sc&eacute;narios automatis&eacute;s, notamment en mati&egrave;re d&#39;ouvrants, d&#39;&eacute;clairage et de s&eacute;curit&eacute;.<\/font><\/span><\/span><\/span><\/span><\/span><\/span><\/span><\/span><\/span><\/span><br \/>&nbsp;<br \/><span style=\"color:null;\"><span style=\"caret-color:#000000\"><span style=\"font-style:normal\"><span style=\"font-variant-caps:normal\"><span style=\"font-weight:normal\"><span style=\"letter-spacing:normal\"><span style=\"text-transform:none\"><span style=\"white-space:normal\"><span style=\"word-spacing:0px\"><span style=\"text-decoration:none\"><font face=\"Arial, sans-serif\">Les apprentis s&#39;entra&icirc;nent sur des logiciels multi-marques et multi-protocoles, utilis&eacute;s par les professionnels du b&acirc;timent.<\/font><\/span><\/span><\/span><\/span><\/span><\/span><\/span><\/span><\/span><\/span><br \/>&nbsp;<br \/><span style=\"color:null;\"><span style=\"caret-color:#000000\"><span style=\"font-style:normal\"><span style=\"font-variant-caps:normal\"><span style=\"font-weight:normal\"><span style=\"letter-spacing:normal\"><span style=\"text-transform:none\"><span style=\"white-space:normal\"><span style=\"word-spacing:0px\"><span style=\"text-decoration:none\"><font face=\"Arial, sans-serif\">&Agrave; noter que les s&eacute;quences de formation sont capt&eacute;es sous forme de vid&eacute;os pour permettre aux apprentis de les suivre &agrave; distance.<\/font><\/span><\/span><\/span><\/span><\/span><\/span><\/span><\/span><\/span><\/span><br \/>&nbsp;<br \/><span style=\"color:null;\"><span style=\"caret-color:#000000\"><span style=\"font-style:normal\"><span style=\"font-variant-caps:normal\"><span style=\"font-weight:normal\"><span style=\"letter-spacing:normal\"><span style=\"text-transform:none\"><span style=\"white-space:normal\"><span style=\"word-spacing:0px\"><span style=\"text-decoration:none\"><font face=\"Arial, sans-serif\">Pour la cr&eacute;ation de ce campus, le r&eacute;seau Ducretet a contribu&eacute; &agrave; hauteur de 525 000 &euro;. Le BTP CFA Gironde a de son c&ocirc;t&eacute; apport&eacute; 285 000 &euro;, le conseil r&eacute;gional de Nouvelle-Aquitaine, 405 000 &euro;, et <a href=\"https:\/\/www.batiweb.com\/actualites\/vie-des-societes\/le-ccca-btp-devoile-sa-nouvelle-offre-de-services-37436\" target=\"_blank\" rel=\"noopener\">le CCCA-BTP<\/a>, 255 000 &euro;.<\/font><\/span><\/span><\/span><\/span><\/span><\/span><\/span><\/span><\/span><\/span><br \/>&nbsp;<br \/><span style=\"color:null;\"><span style=\"caret-color:#000000\"><span style=\"font-style:normal\"><span style=\"font-variant-caps:normal\"><span style=\"font-weight:normal\"><span style=\"letter-spacing:normal\"><span style=\"text-transform:none\"><span style=\"white-space:normal\"><span style=\"word-spacing:0px\"><span style=\"text-decoration:none\"><font face=\"Arial, sans-serif\">Le comit&eacute; pour l&#39;apprentissage dans le BTP a par ailleurs favoris&eacute; le d&eacute;veloppement de la certification professionnelle de niveau 4 &laquo;&nbsp;<i>Technicien services de la maison connect&eacute;e<\/i>&nbsp;&raquo; du r&eacute;seau Ducretet.<\/font><\/span><\/span><\/span><\/span><\/span><\/span><\/span><\/span><\/span><\/span><br \/>&nbsp;<br \/><span style=\"color:null;\"><span style=\"caret-color:#000000\"><span style=\"font-style:normal\"><span style=\"font-variant-caps:normal\"><span style=\"font-weight:normal\"><span style=\"letter-spacing:normal\"><span style=\"text-transform:none\"><span style=\"white-space:normal\"><span style=\"word-spacing:0px\"><span style=\"text-decoration:none\"><font face=\"Arial, sans-serif\"><i>Claire Lemonnier<\/i><\/font><\/span><\/span><\/span><\/span><\/span><\/span><\/span><\/span><\/span><\/span><br \/><span style=\"font-size:12px;\"><span style=\"caret-color:#000000\"><span style=\"font-style:normal\"><span style=\"font-variant-caps:normal\"><span style=\"font-weight:normal\"><span style=\"letter-spacing:normal\"><span style=\"text-transform:none\"><span style=\"white-space:normal\"><span style=\"word-spacing:0px\"><span style=\"text-decoration:none\"><font face=\"Arial, sans-serif\">Photo de une&nbsp;: Campus &Eacute;lectricit&eacute; et Environnements Connect&eacute;s<\/font><\/span><\/span><\/span><\/span><\/span><\/span><\/span><\/span><\/span><\/span><br \/>&nbsp;<br \/>           \t  \t\t  \t\t\t  \t\t\tCat&eacute;gorie :  \t\t\t  \t\t\t&nbsp;  \t\t\t  \t\t\tFormation continue  \t\t\t  \t\t  \t        \tIdentifier les enjeux&#8230;                     <br \/>         DucoBox Energy Comfort : La VMC double flux la plus intelligente d&#39;Europe !    La DucoBox Energy Comfort est un syst&egrave;me&#8230;                     <br \/>         Conduire, suivre et animer le chantier de sa conception &agrave; son parfait ach&egrave;vement.    11 jours (77 heures).    &Agrave;&#8230;                     <br \/>                     Placo\u00ae enrichit sa gamme de cloisons mobiles avec deux nouveaux mod\u00e8les aux finitions esth\u00e9tiques et premium : placo\u00ae mo\u2026                                     <br \/>                     Compacte, silencieuse et performante, la console Perfera FVXM-A est con\u00e7ue comme l\u2019alliance entre le design et la perfor\u2026                                     <br \/>                     Le bois, mat\u00e9riau noble et naturel, offre en architecture des possibilit\u00e9s infinies de cr\u00e9ation. Knauf joue la carte de \u2026                                     <br \/><a href=\"https:\/\/www.batiwebpro.fr\/v1\/landing.php?utmsource=modal-batiweb\" target=\"_blank\" class=\"btn btn-success\" rel=\"noopener\"> > D\u00e9couvrir les chantiers<\/a><small>Sans engagement<\/small><br \/>Inscrivez-vous gratuitement \u00e0 nos newsletters pour recevoir nos actualit\u00e9s et notre s\u00e9lection de produits<br \/>                 Conform\u00e9ment \u00e0 l&rsquo;article L-27 de la loi du 6 janvier 1978 \u00ab\u00a0informatique et libert\u00e9s\u00a0\u00bb,                 les informations, les r\u00e9ponses de ce questionnaire sont facultatives.                 Le d\u00e9clarant dispose d&rsquo;un droit d&rsquo;acc\u00e8s et de rectification aupr\u00e8s de Batiweb.com.                 Les informations sont destin\u00e9es \u00e0 Batiweb et peuvent \u00eatre c\u00e8d\u00e9es \u00e0 des organismes ext\u00e9rieurs             <br \/>Vos abonnements ont bien \u00e9t\u00e9 enregistr\u00e9s<br \/>                                Nous sommes ravis de vous compter parmi nos fid\u00e8les lecteurs !                             <br \/>                                Un e-mail r\u00e9capitulatif vient de vous \u00eatre envoy\u00e9 par email.                             <\/p>\n<p><a href=\"https:\/\/www.batiweb.com\/actualites\/smart-home\/formation-un-nouveau-campus-dedie-a-la-domotique-39020\">source<\/a><\/p>\n<!--CusAds0-->\n<div style=\"font-size: 0px; height: 0px; line-height: 0px; margin: 0; padding: 0; clear: both;\"><\/div>","protected":false},"excerpt":{"rendered":"<p>Ce mardi 16 novembre &eacute;tait inaugur&eacute; le Campus &Eacute;lectricit&eacute; et Environnements Connect&eacute;s, cr&eacute;&eacute; par le BTP CFA Gironde et le CFA Ducretet Nouvelle-Aquitaine, et situ&eacute; &agrave; M&eacute;rignac.&nbsp;Ce nouveau campus, d&#39;une surface de 950 m2, rassemble les fili&egrave;res de formation d&eacute;di&eacute;es &agrave; la smart home et &agrave; la smart city, pour r&eacute;pondre au contrat strat&eacute;gique de [&hellip;]<\/p>\n","protected":false},"author":1,"featured_media":0,"comment_status":"open","ping_status":"open","sticky":false,"template":"","format":"standard","meta":{"googlesitekit_rrm_CAow1sXXCw:productID":"","_jetpack_memberships_contains_paid_content":false,"footnotes":"","jetpack_publicize_message":"","jetpack_publicize_feature_enabled":true,"jetpack_social_post_already_shared":false,"jetpack_social_options":{"image_generator_settings":{"template":"highway","default_image_id":0,"font":"","enabled":false},"version":2}},"categories":[1],"tags":[],"class_list":["post-800","post","type-post","status-publish","format-standard","hentry","category-non-classe"],"jetpack_publicize_connections":[],"jetpack_featured_media_url":"","jetpack_sharing_enabled":true,"_links":{"self":[{"href":"https:\/\/monblogeur.tech\/index.php\/wp-json\/wp\/v2\/posts\/800","targetHints":{"allow":["GET"]}}],"collection":[{"href":"https:\/\/monblogeur.tech\/index.php\/wp-json\/wp\/v2\/posts"}],"about":[{"href":"https:\/\/monblogeur.tech\/index.php\/wp-json\/wp\/v2\/types\/post"}],"author":[{"embeddable":true,"href":"https:\/\/monblogeur.tech\/index.php\/wp-json\/wp\/v2\/users\/1"}],"replies":[{"embeddable":true,"href":"https:\/\/monblogeur.tech\/index.php\/wp-json\/wp\/v2\/comments?post=800"}],"version-history":[{"count":0,"href":"https:\/\/monblogeur.tech\/index.php\/wp-json\/wp\/v2\/posts\/800\/revisions"}],"wp:attachment":[{"href":"https:\/\/monblogeur.tech\/index.php\/wp-json\/wp\/v2\/media?parent=800"}],"wp:term":[{"taxonomy":"category","embeddable":true,"href":"https:\/\/monblogeur.tech\/index.php\/wp-json\/wp\/v2\/categories?post=800"},{"taxonomy":"post_tag","embeddable":true,"href":"https:\/\/monblogeur.tech\/index.php\/wp-json\/wp\/v2\/tags?post=800"}],"curies":[{"name":"wp","href":"https:\/\/api.w.org\/{rel}","templated":true}]}}