{"id":833,"date":"2021-11-20T00:59:25","date_gmt":"2021-11-19T23:59:25","guid":{"rendered":"https:\/\/monblogeur.tech\/index.php\/2021\/11\/20\/rodez-300-lyceens-de-monteil-sensibilises-aux-metiers-de-lindustrie-centre-presse-aveyron\/"},"modified":"2021-11-20T00:59:25","modified_gmt":"2021-11-19T23:59:25","slug":"rodez-300-lyceens-de-monteil-sensibilises-aux-metiers-de-lindustrie-centre-presse-aveyron","status":"publish","type":"post","link":"https:\/\/monblogeur.tech\/index.php\/2021\/11\/20\/rodez-300-lyceens-de-monteil-sensibilises-aux-metiers-de-lindustrie-centre-presse-aveyron\/","title":{"rendered":"Rodez : 300 lyc\u00e9ens de Monteil sensibilis\u00e9s aux m\u00e9tiers de l&#039;industrie &#8211; Centre Presse Aveyron"},"content":{"rendered":"<div class=\"cfbc967f0983488262956e73eca9483a\" data-index=\"1\" style=\"float: none; margin:10px 0 10px 0; text-align:center;\">\n<script async src=\"https:\/\/pagead2.googlesyndication.com\/pagead\/js\/adsbygoogle.js?client=ca-pub-3859091246952232\" crossorigin=\"anonymous\"><\/script>\r\n<!-- blok -->\r\n<ins class=\"adsbygoogle\" data-ad-client=\"ca-pub-3859091246952232\" data-ad-slot=\"1334354390\"><\/ins>\r\n<script>\r\n     (adsbygoogle = window.adsbygoogle || []).push({});\r\n<\/script>\r\n\n<\/div>\n<p>                                                                 Dans le cadre de la semaine nationale de l&rsquo;Industrie, plusieurs structures et&nbsp;entreprises du territoire se mobilisent pour faire conna\u00eetre les fili\u00e8res de formation et&nbsp;les m\u00e9tiers de l&rsquo;Industrie.                             <br \/>C&#39;est le cas notamment du&nbsp;Campus des M\u00e9tiers et des Qualifications d&#39;excellence industrie du futur et l&#39;association Mecanic&nbsp;Vall\u00e9e. Ensemble, ils proposent depuis de nombreuses ann\u00e9es des actions \u00e0 destination de diff\u00e9rents publics pour faire conna\u00eetre les&nbsp;fili\u00e8res de formation et les m\u00e9tiers de l&rsquo;industrie.&nbsp;Aussi, afin de proposer des outils ad\u00e9quats et de nouveaux modes d&rsquo;actions ils ont r\u00e9pondu, fin 2019, \u00e0&nbsp;l&rsquo;appel \u00e0 projet&nbsp;Info-M\u00e9tiers initi\u00e9 par la&nbsp;R\u00e9gion&nbsp; occitanie et avec l&#39;aide de l&#39;association Science animation ils ont invent\u00e9 &quot;la bo\u00eete \u00e0 m\u00e9tiers industrie du futur&quot;.<br \/>Ce nouvel outil financ\u00e9 par la R\u00e9gion permet de&nbsp;faire d\u00e9couvrir aux&nbsp;scolaires, plus particuli\u00e8rement ceux de troisi\u00e8me, seconde et premi\u00e8re,&nbsp;les m\u00e9tiers de l&rsquo;industrie via des technologies de l&rsquo;industrie 4.0 (li\u00e9es au&nbsp;num\u00e9rique).&nbsp;<br \/><em>&quot;Cet outil&nbsp;va permettre aux&nbsp;jeunes de&nbsp;constater la diversit\u00e9 des m\u00e9tiers scientifiques et techniques dans le domaine de&nbsp;l&rsquo;industrie&quot;, <\/em>explique Nathalie Lavaurs, la directrice op\u00e9rationnelle de l&#39;action de sensibilisation qui vient de s&#39;achever, ce jeudi apr\u00e8s-midi,&nbsp;au lyc\u00e9e Monteil&nbsp;de Rodez. &quot;<em>Les jeunes &#8211; ils \u00e9taient 300 environs, soit les 9 classes de seconde &#8211; ont \u00e9galement \u00e9t\u00e9 sensibilis\u00e9s via un jeu de r\u00f4les ludique et&nbsp; p\u00e9dagogique, aux st\u00e9r\u00e9otypes de genre dans les repr\u00e9sentations des sciences&nbsp;et des technologies. \u00c0 la fin, nous avons m\u00eame mis&nbsp;en pratique une d\u00e9marche scientifique et un travail d&rsquo;\u00e9quipe&quot;, pr\u00e9cise l&#39;intervenante qui ambitionne de voir cet outil&nbsp;<\/em>&nbsp;diffus\u00e9 et utilis\u00e9 dans tous les \u00e9tablissements scolaires du d\u00e9partement, voire au-del\u00e0 gr\u00e2ce \u00e0 sa version d\u00e9mat\u00e9rialis\u00e9e.<br \/>395 &euro;<br \/>Entr\u00e9e avec placard, s\u00e9jour avec grand balcon, coin cuisine avec meubles et[&#8230;]<br \/>240 &euro;<br \/>Entr\u00e9e  pi\u00e8ce principale (frigo), salle d&#039;eau-WC, placard biblioth\u00e8que  pla[&#8230;]<br \/>80000 &euro;<br \/>A VENDRE R\u00c9SIDENCE GREEN PARK ? LANCEMENT COMMERCIAL Dans une R\u00e9sidence neu[&#8230;]<br \/>J&rsquo;ai d\u00e9j\u00e0 un compte<br \/>Je n&rsquo;ai pas de compte<br \/>Souhaitez-vous recevoir une notification lors de la r\u00e9ponse d\u2019un(e) internaute \u00e0 votre commentaire ?<\/p>\n<p><a href=\"https:\/\/www.centrepresseaveyron.fr\/2021\/11\/18\/rodez-300-lyceens-de-monteil-sensibilises-aux-metiers-de-lindustrie-9935358.php\">source<\/a><\/p>\n<!--CusAds0-->\n<div style=\"font-size: 0px; height: 0px; line-height: 0px; margin: 0; padding: 0; clear: both;\"><\/div>","protected":false},"excerpt":{"rendered":"<p>Dans le cadre de la semaine nationale de l&rsquo;Industrie, plusieurs structures et&nbsp;entreprises du territoire se mobilisent pour faire conna\u00eetre les fili\u00e8res de formation et&nbsp;les m\u00e9tiers de l&rsquo;Industrie. C&#39;est le cas notamment du&nbsp;Campus des M\u00e9tiers et des Qualifications d&#39;excellence industrie du futur et l&#39;association Mecanic&nbsp;Vall\u00e9e. Ensemble, ils proposent depuis de nombreuses ann\u00e9es des actions \u00e0 destination [&hellip;]<\/p>\n","protected":false},"author":1,"featured_media":0,"comment_status":"open","ping_status":"open","sticky":false,"template":"","format":"standard","meta":{"googlesitekit_rrm_CAow1sXXCw:productID":"","_jetpack_memberships_contains_paid_content":false,"footnotes":"","jetpack_publicize_message":"","jetpack_publicize_feature_enabled":true,"jetpack_social_post_already_shared":false,"jetpack_social_options":{"image_generator_settings":{"template":"highway","default_image_id":0,"font":"","enabled":false},"version":2}},"categories":[1],"tags":[],"class_list":["post-833","post","type-post","status-publish","format-standard","hentry","category-non-classe"],"jetpack_publicize_connections":[],"jetpack_featured_media_url":"","jetpack_sharing_enabled":true,"_links":{"self":[{"href":"https:\/\/monblogeur.tech\/index.php\/wp-json\/wp\/v2\/posts\/833","targetHints":{"allow":["GET"]}}],"collection":[{"href":"https:\/\/monblogeur.tech\/index.php\/wp-json\/wp\/v2\/posts"}],"about":[{"href":"https:\/\/monblogeur.tech\/index.php\/wp-json\/wp\/v2\/types\/post"}],"author":[{"embeddable":true,"href":"https:\/\/monblogeur.tech\/index.php\/wp-json\/wp\/v2\/users\/1"}],"replies":[{"embeddable":true,"href":"https:\/\/monblogeur.tech\/index.php\/wp-json\/wp\/v2\/comments?post=833"}],"version-history":[{"count":0,"href":"https:\/\/monblogeur.tech\/index.php\/wp-json\/wp\/v2\/posts\/833\/revisions"}],"wp:attachment":[{"href":"https:\/\/monblogeur.tech\/index.php\/wp-json\/wp\/v2\/media?parent=833"}],"wp:term":[{"taxonomy":"category","embeddable":true,"href":"https:\/\/monblogeur.tech\/index.php\/wp-json\/wp\/v2\/categories?post=833"},{"taxonomy":"post_tag","embeddable":true,"href":"https:\/\/monblogeur.tech\/index.php\/wp-json\/wp\/v2\/tags?post=833"}],"curies":[{"name":"wp","href":"https:\/\/api.w.org\/{rel}","templated":true}]}}