{"id":889,"date":"2021-11-20T11:19:40","date_gmt":"2021-11-20T10:19:40","guid":{"rendered":"https:\/\/monblogeur.tech\/index.php\/2021\/11\/20\/la-ligue-de-lenseignement-fol-43-forme-des-animateurs-professionnels-la-commere-43\/"},"modified":"2021-11-20T11:19:40","modified_gmt":"2021-11-20T10:19:40","slug":"la-ligue-de-lenseignement-fol-43-forme-des-animateurs-professionnels-la-commere-43","status":"publish","type":"post","link":"https:\/\/monblogeur.tech\/index.php\/2021\/11\/20\/la-ligue-de-lenseignement-fol-43-forme-des-animateurs-professionnels-la-commere-43\/","title":{"rendered":"La Ligue de l&#039;enseignement-FOL 43 forme des animateurs professionnels &#8211; La Comm\u00e8re 43"},"content":{"rendered":"<div class=\"cfbc967f0983488262956e73eca9483a\" data-index=\"1\" style=\"float: none; margin:10px 0 10px 0; text-align:center;\">\n<script async src=\"https:\/\/pagead2.googlesyndication.com\/pagead\/js\/adsbygoogle.js?client=ca-pub-3859091246952232\" crossorigin=\"anonymous\"><\/script>\r\n<!-- blok -->\r\n<ins class=\"adsbygoogle\" data-ad-client=\"ca-pub-3859091246952232\" data-ad-slot=\"1334354390\"><\/ins>\r\n<script>\r\n     (adsbygoogle = window.adsbygoogle || []).push({});\r\n<\/script>\r\n\n<\/div>\n<p><a href=\"https:\/\/www.lacommere43.fr\/\" target=\"_self\" rel=\"noopener\"><img decoding=\"async\" loading=lazy src=\"\/images\/logo\/logo_slogan_new.png\" alt=\"logo slogan new\" style=\"margin: 10px auto; display: block;\" \/><\/a><br \/><a href=\"https:\/\/www.lacommere43.fr\/\" target=\"_self\" rel=\"noopener\"><img decoding=\"async\" loading=lazy src=\"\/images\/logo\/logo_slogan_new.png\" alt=\"logo slogan new\" style=\"margin: 10px auto; display: block;\" \/><\/a><br \/><a href=\"https:\/\/www.ibizprint.fr\" target=\"_blank\" rel=\"noopener\"><img loading=\"lazy\" decoding=\"async\" loading=lazy src=\"\/images\/partenaires\/pub-ibiz_copy_copy.png\" alt=\"Imprimerie en ligne de qualit\u00e9\" style=\"margin: 10px auto; display: block;\" width=\"245\" height=\"70\" \/><\/a><span style=\"font-size: 11px; font-family: arial black, avant garde;\"><a href=\"https:\/\/www.ibiz.fr\" target=\"_blank\" rel=\"noopener\">DESIGN<\/a><\/span>&nbsp;<span style=\"font-family: arial, helvetica, sans-serif; font-size: 11px;\">&amp;<\/span>&nbsp;<a href=\"https:\/\/www.ibizprint.fr\" target=\"_blank\" rel=\"noopener\"><span style=\"font-family: arial black, avant garde; font-size: 11px;\">IMPRESSION au Puy-en-Velay<\/span><\/a><br \/><a href=\"\/les-sorties-et-loisirs\/trouver-une-sortie.html\" title=\"Sorties et loisirs dans le 43\" target=\"_self\" rel=\"noopener\"><img decoding=\"async\" loading=lazy class=\"bouton_sorties\" src=\"data:image\/gif;base64,R0lGODlhAQABAIAAAAAAAP\/\/\/yH5BAEAAAAALAAAAAABAAEAAAIBRAA7\" data-src=\"\/images\/icones\/sorties.png\" data-jchll=\"true\" alt=\"sorties\" style=\"margin: 10px auto; display: inline-block; width:250px;\" \/><noscript><img decoding=\"async\" loading=lazy class=\"bouton_sorties\" src=\"\/images\/icones\/sorties.png\" alt=\"sorties\" style=\"margin: 10px auto; display: inline-block; width:250px;\" \/><\/noscript><\/a><br \/><a href=\"\/les-sorties-et-loisirs\/trouver-une-sortie.html\" title=\"Sorties et loisirs dans le 43\" target=\"_self\" rel=\"noopener\"><img decoding=\"async\" loading=lazy src=\"data:image\/gif;base64,R0lGODlhAQABAIAAAAAAAP\/\/\/yH5BAEAAAAALAAAAAABAAEAAAIBRAA7\" data-src=\"\/images\/icones\/sorties.png\" data-jchll=\"true\" alt=\"sorties\" style=\"margin: 10px auto; display: block; max-height: 35px;\" \/><noscript><img decoding=\"async\" loading=lazy src=\"\/images\/icones\/sorties.png\" alt=\"sorties\" style=\"margin: 10px auto; display: block; max-height: 35px;\" \/><\/noscript><\/a><br \/><strong>Forte de son exp\u00e9rience dans la formation (BAFA , BAFD, service civique etc.), la Ligue de l\u2019enseignement-FOL 43, \u00e9tend&nbsp; son champ d\u2019action \u00e0 la formation professionnelle.<\/strong><br \/>La Ligue de l\u2019enseignement-FOL 43 propose en effet des certificats professionnels de la jeunesse de l\u2019\u00e9ducation populaire et du sport. Ce dipl\u00f4me d\u2019\u00c9tat permet d\u2019acc\u00e9der \u00e0 des postes d\u2019animateurs permanents en accueils de loisirs, au sein des services enfance jeunesse des communes, des m\u00e9diath\u00e8ques, etc.<\/p>\n<p><span style=\"color: #008000;\"><strong>Une journ\u00e9e d&rsquo;int\u00e9gration<\/strong><\/span><br \/>Vendredi a eu lieu la journ\u00e9e d\u2019int\u00e9gration de la premi\u00e8re session. Antoine Quadrini, secr\u00e9taire g\u00e9n\u00e9ral de l\u2019Urfol, accompagn\u00e9 de Sophie Ferreiro, d\u00e9l\u00e9gu\u00e9e \u00e0 la formation professionnelle, ont donn\u00e9 le coup d\u2019envoi de la formation dans les locaux de la ligue \u00e0 Vals-pr\u00e8s-Le Puy, \u00e9trennant ainsi la toute nouvelle salle de formation.<\/p>\n<p><span style=\"color: #008000;\"><strong>Huit stagiaires<\/strong><\/span><br \/>La promotion 2021-2022 est compos\u00e9e de 8 stagiaires, pour la plupart en contrat d\u2019apprentissage. Tous en alternance dans des accueils de loisirs diss\u00e9min\u00e9s sur le territoire de la Haute-Loire&nbsp;: Cayres, Bas-en-Basset, Espaly-Saint-Marcel, Aurec-sur-Loire, Vorey-sur-Arzon, Yssingeaux, All\u00e8gre ou encore Rosi\u00e8res.<\/p>\n<p><span style=\"color: #008000;\"><strong>Des partenariats nou\u00e9s<\/strong><\/span><br \/>Entour\u00e9s par S\u00e9bastien Perret, pr\u00e9sident de la ligue de l\u2019enseignement 43, Jean-Paul Gaillard, vice-pr\u00e9sident, Josy Varenne, directrice g\u00e9n\u00e9rale ainsi que par les partenaires (la SDJES) et coll\u00e8gues des autres f\u00e9d\u00e9rations d\u2019\u00e9ducation populaire (Les Francas et les Familles Rurales), les stagiaires ont pu d\u00e9couvrir les liens de partenariats forts qui existent entre les acteurs de l\u2019\u00e9ducation populaire.<\/p>\n<p><span style=\"color: #008000;\"><strong>Une alternance entre th\u00e9orie et pratique<\/strong><\/span><br \/>Durant 10 mois, ces jeunes vont alterner entre th\u00e9orie et pratique pour d\u00e9couvrir tous les champs de l\u2019animation en se penchant plus particuli\u00e8rement sur les activit\u00e9s num\u00e9riques, d\u2019expressions et scientifiques, pour r\u00e9fl\u00e9chir \u00e0 l\u2019importance des temps de vie quotidienne, pour apprendre \u00e0 communiquer de fa\u00e7on bienveillante etc.<\/p>\n<p><strong><span style=\"color: #008000;\">Les valeurs de l&rsquo;\u00e9ducation populaire<\/span><\/strong><br \/>Bref, ils vont travailler, r\u00e9fl\u00e9chir, tester, \u00e9changer sur tous les aspect du m\u00e9tier d\u2019animateur et surtout, comment exercer ce m\u00e9tier en lien avec les valeurs de l\u2019\u00e9ducation populaire, c&rsquo;est-\u00e0-dire le respect, la citoyennet\u00e9, l\u2019\u00e9ducation pour tous et par tous.<br \/><strong>Partager sur :<\/strong> <img decoding=\"async\" loading=lazy style=\"width: 32px; cursor: pointer;\" class=\"share_facebook\" src=\"data:image\/gif;base64,R0lGODlhAQABAIAAAAAAAP\/\/\/yH5BAEAAAAALAAAAAABAAEAAAIBRAA7\" data-src=\"\/images\/icones\/facebook.png\" data-jchll=\"true\" \/><noscript><img decoding=\"async\" loading=lazy style=\"width: 32px; cursor: pointer;\" class=\"share_facebook\" src=\"\/images\/icones\/facebook.png\" \/><\/noscript> <img decoding=\"async\" loading=lazy style=\"width: 32px; cursor: pointer;\" class=\"share_twitter\" src=\"data:image\/gif;base64,R0lGODlhAQABAIAAAAAAAP\/\/\/yH5BAEAAAAALAAAAAABAAEAAAIBRAA7\" data-src=\"\/images\/icones\/twitter.png\" data-jchll=\"true\" \/><noscript><img decoding=\"async\" loading=lazy style=\"width: 32px; cursor: pointer;\" class=\"share_twitter\" src=\"\/images\/icones\/twitter.png\" \/><\/noscript><br \/><a href=\"https:\/\/www.facebook.com\/lacommere43\/\" title=\"Facebook LaComm\u00e8re43\" target=\"_blank\" rel=\"noopener\"><img loading=\"lazy\" decoding=\"async\" loading=lazy src=\"data:image\/gif;base64,R0lGODlhAQABAIAAAAAAAP\/\/\/yH5BAEAAAAALAAAAAABAAEAAAIBRAA7\" data-src=\"\/images\/icones\/facebook.png\" data-jchll=\"true\" alt=\"Facebook LaComm\u00e8re43\" style=\"margin: 10px;\" width=\"40\" height=\"40\" \/><noscript><img loading=\"lazy\" decoding=\"async\" loading=lazy src=\"\/images\/icones\/facebook.png\" alt=\"Facebook LaComm\u00e8re43\" style=\"margin: 10px;\" width=\"40\" height=\"40\" \/><\/noscript><\/a>&nbsp;<a href=\"https:\/\/twitter.com\/lacommere43?lang=fr\" title=\"Twiiter LaComm\u00e8re43\" target=\"_blank\" rel=\"noopener\"><img loading=\"lazy\" decoding=\"async\" loading=lazy src=\"data:image\/gif;base64,R0lGODlhAQABAIAAAAAAAP\/\/\/yH5BAEAAAAALAAAAAABAAEAAAIBRAA7\" data-src=\"\/images\/icones\/twitter.png\" data-jchll=\"true\" alt=\"twitter\" style=\"margin: 10px;\" width=\"40\" height=\"40\" \/><noscript><img loading=\"lazy\" decoding=\"async\" loading=lazy src=\"\/images\/icones\/twitter.png\" alt=\"twitter\" style=\"margin: 10px;\" width=\"40\" height=\"40\" \/><\/noscript><\/a>&nbsp;<a href=\"https:\/\/www.youtube.com\/channel\/UCeCO3SDaFKqAiEODHbhw9CQ\" title=\"Youtube LaComm\u00e8re43\" target=\"_blank\" rel=\"noopener\"><img loading=\"lazy\" decoding=\"async\" loading=lazy src=\"data:image\/gif;base64,R0lGODlhAQABAIAAAAAAAP\/\/\/yH5BAEAAAAALAAAAAABAAEAAAIBRAA7\" data-src=\"\/images\/icones\/youtube.png\" data-jchll=\"true\" width=\"40\" height=\"40\" alt=\"youtube\" style=\"margin: 10px;\" \/><noscript><img loading=\"lazy\" decoding=\"async\" loading=lazy src=\"\/images\/icones\/youtube.png\" width=\"40\" height=\"40\" alt=\"youtube\" style=\"margin: 10px;\" \/><\/noscript><\/a><\/p>\n<p><a href=\"https:\/\/www.lacommere43.fr\/actualites\/item\/43136-la-ligue-de-l-enseignement-fol-43-forme-des-animateurs-professionnels.html\">source<\/a><\/p>\n<!--CusAds0-->\n<div style=\"font-size: 0px; height: 0px; line-height: 0px; margin: 0; padding: 0; clear: both;\"><\/div>","protected":false},"excerpt":{"rendered":"<p>DESIGN&nbsp;&amp;&nbsp;IMPRESSION au Puy-en-VelayForte de son exp\u00e9rience dans la formation (BAFA , BAFD, service civique etc.), la Ligue de l\u2019enseignement-FOL 43, \u00e9tend&nbsp; son champ d\u2019action \u00e0 la formation professionnelle.La Ligue de l\u2019enseignement-FOL 43 propose en effet des certificats professionnels de la jeunesse de l\u2019\u00e9ducation populaire et du sport. Ce dipl\u00f4me d\u2019\u00c9tat permet d\u2019acc\u00e9der \u00e0 des postes [&hellip;]<\/p>\n","protected":false},"author":1,"featured_media":0,"comment_status":"open","ping_status":"open","sticky":false,"template":"","format":"standard","meta":{"googlesitekit_rrm_CAow1sXXCw:productID":"","_jetpack_memberships_contains_paid_content":false,"footnotes":"","jetpack_publicize_message":"","jetpack_publicize_feature_enabled":true,"jetpack_social_post_already_shared":false,"jetpack_social_options":{"image_generator_settings":{"template":"highway","default_image_id":0,"font":"","enabled":false},"version":2}},"categories":[1],"tags":[],"class_list":["post-889","post","type-post","status-publish","format-standard","hentry","category-non-classe"],"jetpack_publicize_connections":[],"jetpack_featured_media_url":"","jetpack_sharing_enabled":true,"_links":{"self":[{"href":"https:\/\/monblogeur.tech\/index.php\/wp-json\/wp\/v2\/posts\/889","targetHints":{"allow":["GET"]}}],"collection":[{"href":"https:\/\/monblogeur.tech\/index.php\/wp-json\/wp\/v2\/posts"}],"about":[{"href":"https:\/\/monblogeur.tech\/index.php\/wp-json\/wp\/v2\/types\/post"}],"author":[{"embeddable":true,"href":"https:\/\/monblogeur.tech\/index.php\/wp-json\/wp\/v2\/users\/1"}],"replies":[{"embeddable":true,"href":"https:\/\/monblogeur.tech\/index.php\/wp-json\/wp\/v2\/comments?post=889"}],"version-history":[{"count":0,"href":"https:\/\/monblogeur.tech\/index.php\/wp-json\/wp\/v2\/posts\/889\/revisions"}],"wp:attachment":[{"href":"https:\/\/monblogeur.tech\/index.php\/wp-json\/wp\/v2\/media?parent=889"}],"wp:term":[{"taxonomy":"category","embeddable":true,"href":"https:\/\/monblogeur.tech\/index.php\/wp-json\/wp\/v2\/categories?post=889"},{"taxonomy":"post_tag","embeddable":true,"href":"https:\/\/monblogeur.tech\/index.php\/wp-json\/wp\/v2\/tags?post=889"}],"curies":[{"name":"wp","href":"https:\/\/api.w.org\/{rel}","templated":true}]}}