{"id":925,"date":"2021-11-20T18:15:09","date_gmt":"2021-11-20T17:15:09","guid":{"rendered":"https:\/\/monblogeur.tech\/index.php\/2021\/11\/20\/albi-formation-a-lufc-que-choisir-ladepeche-fr\/"},"modified":"2021-11-20T18:15:09","modified_gmt":"2021-11-20T17:15:09","slug":"albi-formation-a-lufc-que-choisir-ladepeche-fr","status":"publish","type":"post","link":"https:\/\/monblogeur.tech\/index.php\/2021\/11\/20\/albi-formation-a-lufc-que-choisir-ladepeche-fr\/","title":{"rendered":"Albi. Formation \u00e0 l\u2019UFC Que Choisir &#8211; ladepeche.fr"},"content":{"rendered":"<div class=\"cfbc967f0983488262956e73eca9483a\" data-index=\"1\" style=\"float: none; margin:10px 0 10px 0; text-align:center;\">\n<script async src=\"https:\/\/pagead2.googlesyndication.com\/pagead\/js\/adsbygoogle.js?client=ca-pub-3859091246952232\" crossorigin=\"anonymous\"><\/script>\r\n<!-- blok -->\r\n<ins class=\"adsbygoogle\" data-ad-client=\"ca-pub-3859091246952232\" data-ad-slot=\"1334354390\"><\/ins>\r\n<script>\r\n     (adsbygoogle = window.adsbygoogle || []).push({});\r\n<\/script>\r\n\n<\/div>\n<p>La pr\u00e9sidente d\u00e9partementale Dani\u00e8le Perugia entend bien accentuer la pr\u00e9sence de l\u2019UFC Que Choisir dans le Tarn, une union d\u00e9partementale qui r\u00e9unit plus de 2 000 adh\u00e9rents. Pour cela, rien de mieux que la formation, qui permettra aux b\u00e9n\u00e9voles et salari\u00e9es d\u2019\u00eatre encore plus pertinents dans leurs conseils aux adh\u00e9rents.<br \/>C\u2019est ainsi qu\u2019une matin\u00e9e d\u2019information a permis de r\u00e9unir dans un \u00e9tablissement albigeois, pr\u00e8s d\u2019une trentaine de personnes sur une matin\u00e9e tr\u00e8s dense de formation. Dani\u00e8le Perugia a eu le plaisir d\u2019accueillir Anne Morize adjointe au directeur d\u00e9partemental de la banque de France, et deux avocats, Me Jessica Souli\u00e9 et Me Michel Albar\u00e8de.<br \/>Ce dernier nomm\u00e9 a insist\u00e9 sur l\u2019importance pour les particuliers, de souscrire un contrat garantie des accidents de la vie, une protection judiciaire, contrats qui ne co\u00fbtent que quelques dizaines d\u2019euros et qui peuvent s\u2019av\u00e9rer d\u2019une tr\u00e8s grande utilit\u00e9. Il informait d\u2019autre part, sur la n\u00e9cessit\u00e9 de saisie du mode alternatif de r\u00e8glement des conflits, n\u00e9cessaire avant toute saisine de justice.<br \/>Me Jessica Souli\u00e9, de son c\u00f4t\u00e9, a expliqu\u00e9 les proc\u00e9dures de m\u00e9diation, conciliation ou dites de proc\u00e9dure participative, n\u00e9cessaires pour tout conflit de moins de 5 000 \u20ac entre les parties, avant de saisir la justice.<br \/>Anne Morize, pour la Banque de France, a quant \u00e0 elle d\u00e9roul\u00e9 les services de son organisme int\u00e9ressant les consommateurs : assurer leur protection, garantir l\u2019assurance d\u2019avoir un compte bancaire, d\u00e9poser un dossier de surendettement. Tout particulier qui souhaite \u00eatre bien renseign\u00e9, est invit\u00e9 \u00e0 frapper \u00e0 la porte de l\u2019UFC Que Choisir au 3, place du Palais \u00e0 Albi ou au 5, rue des Boursiers \u00e0 Castres o\u00f9 il trouvera b\u00e9n\u00e9voles et juristes comp\u00e9tents pour le conseiller et le soutenir dans ses d\u00e9marches. Tel : 05 63 38 42 15<br \/>51200 &euro;<br \/>ALBI ville, nouveau lotissement \u00e0 5 minutes de tous les commerces. DOMAINE [&#8230;]<br \/>60000 &euro;<br \/>Un emplacement unique \u00e0 Albi , un \u00e9crin de verdure \u00e0 5 minutes du  centre-v[&#8230;]<br \/>50 &euro;<br \/>PARKING CENTRE VILLE &#8211; Un emplacement de stationnement securis\u00e9.  Loyer de [&#8230;]<br \/>J&rsquo;ai d\u00e9j\u00e0 un compte<br \/>Je n&rsquo;ai pas de compte<br \/>Souhaitez-vous recevoir une notification lors de la r\u00e9ponse d\u2019un(e) internaute \u00e0 votre commentaire ?<\/p>\n<p><a href=\"https:\/\/www.ladepeche.fr\/2021\/11\/20\/formation-a-lufc-que-choisir-9939043.php\">source<\/a><\/p>\n<!--CusAds0-->\n<div style=\"font-size: 0px; height: 0px; line-height: 0px; margin: 0; padding: 0; clear: both;\"><\/div>","protected":false},"excerpt":{"rendered":"<p>La pr\u00e9sidente d\u00e9partementale Dani\u00e8le Perugia entend bien accentuer la pr\u00e9sence de l\u2019UFC Que Choisir dans le Tarn, une union d\u00e9partementale qui r\u00e9unit plus de 2 000 adh\u00e9rents. Pour cela, rien de mieux que la formation, qui permettra aux b\u00e9n\u00e9voles et salari\u00e9es d\u2019\u00eatre encore plus pertinents dans leurs conseils aux adh\u00e9rents.C\u2019est ainsi qu\u2019une matin\u00e9e d\u2019information a [&hellip;]<\/p>\n","protected":false},"author":1,"featured_media":0,"comment_status":"open","ping_status":"open","sticky":false,"template":"","format":"standard","meta":{"googlesitekit_rrm_CAow1sXXCw:productID":"","_jetpack_memberships_contains_paid_content":false,"footnotes":"","jetpack_publicize_message":"","jetpack_publicize_feature_enabled":true,"jetpack_social_post_already_shared":false,"jetpack_social_options":{"image_generator_settings":{"template":"highway","default_image_id":0,"font":"","enabled":false},"version":2}},"categories":[1],"tags":[],"class_list":["post-925","post","type-post","status-publish","format-standard","hentry","category-non-classe"],"jetpack_publicize_connections":[],"jetpack_featured_media_url":"","jetpack_sharing_enabled":true,"_links":{"self":[{"href":"https:\/\/monblogeur.tech\/index.php\/wp-json\/wp\/v2\/posts\/925","targetHints":{"allow":["GET"]}}],"collection":[{"href":"https:\/\/monblogeur.tech\/index.php\/wp-json\/wp\/v2\/posts"}],"about":[{"href":"https:\/\/monblogeur.tech\/index.php\/wp-json\/wp\/v2\/types\/post"}],"author":[{"embeddable":true,"href":"https:\/\/monblogeur.tech\/index.php\/wp-json\/wp\/v2\/users\/1"}],"replies":[{"embeddable":true,"href":"https:\/\/monblogeur.tech\/index.php\/wp-json\/wp\/v2\/comments?post=925"}],"version-history":[{"count":0,"href":"https:\/\/monblogeur.tech\/index.php\/wp-json\/wp\/v2\/posts\/925\/revisions"}],"wp:attachment":[{"href":"https:\/\/monblogeur.tech\/index.php\/wp-json\/wp\/v2\/media?parent=925"}],"wp:term":[{"taxonomy":"category","embeddable":true,"href":"https:\/\/monblogeur.tech\/index.php\/wp-json\/wp\/v2\/categories?post=925"},{"taxonomy":"post_tag","embeddable":true,"href":"https:\/\/monblogeur.tech\/index.php\/wp-json\/wp\/v2\/tags?post=925"}],"curies":[{"name":"wp","href":"https:\/\/api.w.org\/{rel}","templated":true}]}}