{"id":988,"date":"2021-11-21T11:11:57","date_gmt":"2021-11-21T10:11:57","guid":{"rendered":"https:\/\/monblogeur.tech\/index.php\/2021\/11\/21\/nimes-un-deuxieme-camion-douche-pour-les-plus-demunis-midi-libre\/"},"modified":"2021-11-21T11:11:57","modified_gmt":"2021-11-21T10:11:57","slug":"nimes-un-deuxieme-camion-douche-pour-les-plus-demunis-midi-libre","status":"publish","type":"post","link":"https:\/\/monblogeur.tech\/index.php\/2021\/11\/21\/nimes-un-deuxieme-camion-douche-pour-les-plus-demunis-midi-libre\/","title":{"rendered":"N\u00eemes : un deuxi\u00e8me camion-douche pour les plus d\u00e9munis &#8211; Midi Libre"},"content":{"rendered":"<div class=\"cfbc967f0983488262956e73eca9483a\" data-index=\"1\" style=\"float: none; margin:10px 0 10px 0; text-align:center;\">\n<script async src=\"https:\/\/pagead2.googlesyndication.com\/pagead\/js\/adsbygoogle.js?client=ca-pub-3859091246952232\" crossorigin=\"anonymous\"><\/script>\r\n<!-- blok -->\r\n<ins class=\"adsbygoogle\" data-ad-client=\"ca-pub-3859091246952232\" data-ad-slot=\"1334354390\"><\/ins>\r\n<script>\r\n     (adsbygoogle = window.adsbygoogle || []).push({});\r\n<\/script>\r\n\n<\/div>\n<p>                                                                 Il a \u00e9t\u00e9 offert par des jeunes entrepreneurs du b\u00e2timent \u00e0 l&#39;association les Fleuves d&#39;eau vive.                             <br \/>Action de solidarit\u00e9 \u00e0 la section gardoise de la f\u00e9d\u00e9ration fran\u00e7aise du b\u00e2timent. Un camion-douche a \u00e9t\u00e9 offert aux Fleuves d&rsquo;eau vive.<br \/> On se souvient que cette association, cr\u00e9\u00e9e par le N\u00eemois David Maglioli, avait d\u00e9j\u00e0 am\u00e9nag\u00e9 un premier camion \u00e9quip\u00e9 d&rsquo;une douche pour apporter hygi\u00e8ne et &quot;dignit\u00e9&quot;&nbsp;aux plus d\u00e9munis.<br \/>Ce camion-douche s&rsquo;installe le lundi et le vendredi matin devant les Restos du c\u0153ur, rue Gaston-Blanc, le mercredi apr\u00e8s-midi devant l&rsquo;Accueil de jour (Adejo) et le samedi matin \u00e0 Sainte-Baudile.<br \/>Le second v\u00e9hicule promis a donc \u00e9t\u00e9 offert par 17 jeunes entrepreneurs du b\u00e2timent qui ont r\u00e9alis\u00e9 \u00e0 N\u00eemes une formation professionnelle (\u00e9quivalent licence) par le biais de la FFB. Dans cette formation, le groupe devait porter un projet au profit d&rsquo;une association locale. C&rsquo;est donc vers les Fleuves d&rsquo;eau vive qu&rsquo;il s&rsquo;est tourn\u00e9e. Pour mener \u00e0 bien son projet d&rsquo;un montant de 20 000 &euro;, il a mobilis\u00e9 la solidarit\u00e9 de nombreux partenaires.<br \/>La remise du v\u00e9hicule s&rsquo;est d\u00e9roul\u00e9e en pr\u00e9sence de Bruno Maglioli, mais \u00e9galement de Pascal Lacosta, le pr\u00e9sident de la FFB du Gard.<br \/>J&rsquo;ai d\u00e9j\u00e0 un compte<br \/>Je n&rsquo;ai pas de compte<br \/>Souhaitez-vous recevoir une notification lors de la r\u00e9ponse d\u2019un(e) internaute \u00e0 votre commentaire ?<\/p>\n<p><a href=\"https:\/\/www.midilibre.fr\/2021\/11\/19\/nimes-un-deuxieme-camion-douche-pour-les-plus-demunis-9937961.php\">source<\/a><\/p>\n<!--CusAds0-->\n<div style=\"font-size: 0px; height: 0px; line-height: 0px; margin: 0; padding: 0; clear: both;\"><\/div>","protected":false},"excerpt":{"rendered":"<p>Il a \u00e9t\u00e9 offert par des jeunes entrepreneurs du b\u00e2timent \u00e0 l&#39;association les Fleuves d&#39;eau vive. Action de solidarit\u00e9 \u00e0 la section gardoise de la f\u00e9d\u00e9ration fran\u00e7aise du b\u00e2timent. Un camion-douche a \u00e9t\u00e9 offert aux Fleuves d&rsquo;eau vive. On se souvient que cette association, cr\u00e9\u00e9e par le N\u00eemois David Maglioli, avait d\u00e9j\u00e0 am\u00e9nag\u00e9 un premier [&hellip;]<\/p>\n","protected":false},"author":1,"featured_media":0,"comment_status":"open","ping_status":"open","sticky":false,"template":"","format":"standard","meta":{"googlesitekit_rrm_CAow1sXXCw:productID":"","_jetpack_memberships_contains_paid_content":false,"footnotes":"","jetpack_publicize_message":"","jetpack_publicize_feature_enabled":true,"jetpack_social_post_already_shared":false,"jetpack_social_options":{"image_generator_settings":{"template":"highway","default_image_id":0,"font":"","enabled":false},"version":2}},"categories":[1],"tags":[],"class_list":["post-988","post","type-post","status-publish","format-standard","hentry","category-non-classe"],"jetpack_publicize_connections":[],"jetpack_featured_media_url":"","jetpack_sharing_enabled":true,"_links":{"self":[{"href":"https:\/\/monblogeur.tech\/index.php\/wp-json\/wp\/v2\/posts\/988","targetHints":{"allow":["GET"]}}],"collection":[{"href":"https:\/\/monblogeur.tech\/index.php\/wp-json\/wp\/v2\/posts"}],"about":[{"href":"https:\/\/monblogeur.tech\/index.php\/wp-json\/wp\/v2\/types\/post"}],"author":[{"embeddable":true,"href":"https:\/\/monblogeur.tech\/index.php\/wp-json\/wp\/v2\/users\/1"}],"replies":[{"embeddable":true,"href":"https:\/\/monblogeur.tech\/index.php\/wp-json\/wp\/v2\/comments?post=988"}],"version-history":[{"count":0,"href":"https:\/\/monblogeur.tech\/index.php\/wp-json\/wp\/v2\/posts\/988\/revisions"}],"wp:attachment":[{"href":"https:\/\/monblogeur.tech\/index.php\/wp-json\/wp\/v2\/media?parent=988"}],"wp:term":[{"taxonomy":"category","embeddable":true,"href":"https:\/\/monblogeur.tech\/index.php\/wp-json\/wp\/v2\/categories?post=988"},{"taxonomy":"post_tag","embeddable":true,"href":"https:\/\/monblogeur.tech\/index.php\/wp-json\/wp\/v2\/tags?post=988"}],"curies":[{"name":"wp","href":"https:\/\/api.w.org\/{rel}","templated":true}]}}